{"id":12300,"date":"2024-08-06T01:21:25","date_gmt":"2024-08-05T23:21:25","guid":{"rendered":"https:\/\/mariaroja.com\/?p=12300"},"modified":"2024-08-12T16:44:23","modified_gmt":"2024-08-12T14:44:23","slug":"el-verano-en-abrente-suma-mas-emocion","status":"publish","type":"post","link":"https:\/\/mariaroja.com\/gl\/el-verano-en-abrente-suma-mas-emocion\/","title":{"rendered":"El verano en Abrente suma m\u00e1s emoci\u00f3n"},"content":{"rendered":"<div  class='flex_column av-5kqrj5-24b0342ea97579ccbd0168b9526dc643 av_one_fifth  avia-builder-el-0  el_before_av_three_fifth  avia-builder-el-first  first flex_column_div  '     ><\/div>\n<div  class='flex_column av-3q9pu9-abf8e6ad32f36389cd95c324ac3ba13a av_three_fifth  avia-builder-el-1  el_after_av_one_fifth  el_before_av_one_fifth  flex_column_div  '     ><p>\n<style type=\"text\/css\" data-created_by=\"avia_inline_auto\" id=\"style-css-av-lkjgnchl-88653bcf36085f77d218676437afefd5\">\n.avia-image-container.av-lkjgnchl-88653bcf36085f77d218676437afefd5 img.avia_image{\nbox-shadow:none;\n}\n.avia-image-container.av-lkjgnchl-88653bcf36085f77d218676437afefd5 .av-image-caption-overlay-center{\ncolor:#ffffff;\n}\n<\/style>\n<div  class='avia-image-container av-lkjgnchl-88653bcf36085f77d218676437afefd5 av-styling- avia-align-center  avia-builder-el-2  el_before_av_hr  avia-builder-el-first '   itemprop=\"image\" itemscope=\"itemscope\" itemtype=\"https:\/\/schema.org\/ImageObject\" ><div class=\"avia-image-container-inner\"><div class=\"avia-image-overlay-wrap\"><img decoding=\"async\" fetchpriority=\"high\" class='wp-image-12338 avia-img-lazy-loading-not-12338 avia_image ' src=\"https:\/\/mariaroja.com\/wp-content\/uploads\/2024\/08\/h_20240729_134452002.jpg\" alt='' title='h_20240729_134452002'  height=\"1280\" width=\"1920\"  itemprop=\"thumbnailUrl\" srcset=\"https:\/\/mariaroja.com\/wp-content\/uploads\/2024\/08\/h_20240729_134452002.jpg 1920w, https:\/\/mariaroja.com\/wp-content\/uploads\/2024\/08\/h_20240729_134452002-300x200.jpg 300w, https:\/\/mariaroja.com\/wp-content\/uploads\/2024\/08\/h_20240729_134452002-1030x687.jpg 1030w, https:\/\/mariaroja.com\/wp-content\/uploads\/2024\/08\/h_20240729_134452002-768x512.jpg 768w, https:\/\/mariaroja.com\/wp-content\/uploads\/2024\/08\/h_20240729_134452002-1536x1024.jpg 1536w, https:\/\/mariaroja.com\/wp-content\/uploads\/2024\/08\/h_20240729_134452002-1500x1000.jpg 1500w, https:\/\/mariaroja.com\/wp-content\/uploads\/2024\/08\/h_20240729_134452002-705x470.jpg 705w\" sizes=\"(max-width: 1920px) 100vw, 1920px\" \/><\/div><\/div><\/div><br \/>\n\n<style type=\"text\/css\" data-created_by=\"avia_inline_auto\" id=\"style-css-av-lo8f1ohw-7cfeebca6e61425b004a29424758d797\">\n#top .hr.hr-invisible.av-lo8f1ohw-7cfeebca6e61425b004a29424758d797{\nheight:40px;\n}\n<\/style>\n<div  class='hr av-lo8f1ohw-7cfeebca6e61425b004a29424758d797 hr-invisible  avia-builder-el-3  el_after_av_image  el_before_av_textblock '><span class='hr-inner '><span class=\"hr-inner-style\"><\/span><\/span><\/div><br \/>\n<section  class='av_textblock_section av-lkjgjgpd-59423264f85f52f5af81596bfd1d6ce7 '   itemscope=\"itemscope\" itemtype=\"https:\/\/schema.org\/BlogPosting\" itemprop=\"blogPost\" ><div class='avia_textblock'  itemprop=\"text\" ><h3>El verano en Abrente suma m\u00e1s emoci\u00f3n<\/h3>\n<p><strong>El suplemento YES de La Voz de Galicia recoge una entrevista a Mar\u00eda Roja, Miquel \u00cdnsua y Den\u00eds G\u00f3mez, que se incorporan a la nueva temporada de <em>Saudade de ti<\/em>, la exitosa serie de la Televisi\u00f3n de Galicia<\/strong><\/p>\n<p>Fotograf\u00eda : Marcos M\u00edguez<\/p>\n<p>Acceder al reportaje:<br \/>\n<a href=\"https:\/\/www.lavozdegalicia.es\/noticia\/yes\/2024\/07\/29\/verano-abrente-suma-emocion\/00031722261928565488981.htm\" target=\"_blank\" rel=\"noopener\">El verano en Abrente suma m\u00e1s emoci\u00f3n<\/a><\/p>\n<\/div><\/section><\/p><\/div><div  class='flex_column av-329y5t-579878c93a5c99f5fb8515f59bab5bca av_one_fifth  avia-builder-el-5  el_after_av_three_fifth  avia-builder-el-last  flex_column_div  '     ><\/div><\/p>\n","protected":false},"excerpt":{"rendered":"","protected":false},"author":2,"featured_media":12338,"comment_status":"closed","ping_status":"closed","sticky":false,"template":"","format":"standard","meta":{"footnotes":""},"categories":[42],"tags":[],"class_list":["post-12300","post","type-post","status-publish","format-standard","has-post-thumbnail","hentry","category-prensa-gl"],"_links":{"self":[{"href":"https:\/\/mariaroja.com\/gl\/wp-json\/wp\/v2\/posts\/12300","targetHints":{"allow":["GET"]}}],"collection":[{"href":"https:\/\/mariaroja.com\/gl\/wp-json\/wp\/v2\/posts"}],"about":[{"href":"https:\/\/mariaroja.com\/gl\/wp-json\/wp\/v2\/types\/post"}],"author":[{"embeddable":true,"href":"https:\/\/mariaroja.com\/gl\/wp-json\/wp\/v2\/users\/2"}],"replies":[{"embeddable":true,"href":"https:\/\/mariaroja.com\/gl\/wp-json\/wp\/v2\/comments?post=12300"}],"version-history":[{"count":5,"href":"https:\/\/mariaroja.com\/gl\/wp-json\/wp\/v2\/posts\/12300\/revisions"}],"predecessor-version":[{"id":12340,"href":"https:\/\/mariaroja.com\/gl\/wp-json\/wp\/v2\/posts\/12300\/revisions\/12340"}],"wp:featuredmedia":[{"embeddable":true,"href":"https:\/\/mariaroja.com\/gl\/wp-json\/wp\/v2\/media\/12338"}],"wp:attachment":[{"href":"https:\/\/mariaroja.com\/gl\/wp-json\/wp\/v2\/media?parent=12300"}],"wp:term":[{"taxonomy":"category","embeddable":true,"href":"https:\/\/mariaroja.com\/gl\/wp-json\/wp\/v2\/categories?post=12300"},{"taxonomy":"post_tag","embeddable":true,"href":"https:\/\/mariaroja.com\/gl\/wp-json\/wp\/v2\/tags?post=12300"}],"curies":[{"name":"wp","href":"https:\/\/api.w.org\/{rel}","templated":true}]}}