{"id":12588,"date":"2024-10-27T01:48:06","date_gmt":"2024-10-26T23:48:06","guid":{"rendered":"https:\/\/mariaroja.com\/?p=12588"},"modified":"2025-01-23T16:37:19","modified_gmt":"2025-01-23T15:37:19","slug":"cigarreras-se-despide-entre-aplausos-del-teatro-fernan-gomez-de-madrid","status":"publish","type":"post","link":"https:\/\/mariaroja.com\/gl\/cigarreras-se-despide-entre-aplausos-del-teatro-fernan-gomez-de-madrid\/","title":{"rendered":"Cigarreras\u00a0se despide entre aplausos del Teatro Fern\u00e1n G\u00f3mez de Madrid"},"content":{"rendered":"<div  class='flex_column av-55l2g8-232800511e5b9d534e828644ca1ce5f2 av_one_fifth  avia-builder-el-0  el_before_av_three_fifth  avia-builder-el-first  first flex_column_div  '     ><\/div>\n<div  class='flex_column av-4m0z88-8756e3aab01096275d9cbc94701c1b83 av_three_fifth  avia-builder-el-1  el_after_av_one_fifth  el_before_av_one_fifth  flex_column_div  '     ><p>\n<style type=\"text\/css\" data-created_by=\"avia_inline_auto\" id=\"style-css-av-lkjg0hfr-b73662e40588f78eb7b9fc79aa56c1b7\">\n.avia-image-container.av-lkjg0hfr-b73662e40588f78eb7b9fc79aa56c1b7 img.avia_image{\nbox-shadow:none;\n}\n.avia-image-container.av-lkjg0hfr-b73662e40588f78eb7b9fc79aa56c1b7 .av-image-caption-overlay-center{\ncolor:#ffffff;\n}\n<\/style>\n<div  class='avia-image-container av-lkjg0hfr-b73662e40588f78eb7b9fc79aa56c1b7 av-styling- avia-align-center  avia-builder-el-2  el_before_av_hr  avia-builder-el-first '   itemprop=\"image\" itemscope=\"itemscope\" itemtype=\"https:\/\/schema.org\/ImageObject\" ><div class=\"avia-image-container-inner\"><div class=\"avia-image-overlay-wrap\"><img decoding=\"async\" fetchpriority=\"high\" class='wp-image-12594 avia-img-lazy-loading-not-12594 avia_image ' src=\"https:\/\/mariaroja.com\/wp-content\/uploads\/2025\/01\/Cigarreras_SCuquejo.jpg\" alt='' title='Cigarreras_SCuquejo'  height=\"1080\" width=\"1080\"  itemprop=\"thumbnailUrl\" srcset=\"https:\/\/mariaroja.com\/wp-content\/uploads\/2025\/01\/Cigarreras_SCuquejo.jpg 1080w, https:\/\/mariaroja.com\/wp-content\/uploads\/2025\/01\/Cigarreras_SCuquejo-300x300.jpg 300w, https:\/\/mariaroja.com\/wp-content\/uploads\/2025\/01\/Cigarreras_SCuquejo-1030x1030.jpg 1030w, https:\/\/mariaroja.com\/wp-content\/uploads\/2025\/01\/Cigarreras_SCuquejo-80x80.jpg 80w, https:\/\/mariaroja.com\/wp-content\/uploads\/2025\/01\/Cigarreras_SCuquejo-768x768.jpg 768w, https:\/\/mariaroja.com\/wp-content\/uploads\/2025\/01\/Cigarreras_SCuquejo-36x36.jpg 36w, https:\/\/mariaroja.com\/wp-content\/uploads\/2025\/01\/Cigarreras_SCuquejo-180x180.jpg 180w, https:\/\/mariaroja.com\/wp-content\/uploads\/2025\/01\/Cigarreras_SCuquejo-705x705.jpg 705w\" sizes=\"(max-width: 1080px) 100vw, 1080px\" \/><\/div><\/div><\/div><br \/>\n\n<style type=\"text\/css\" data-created_by=\"avia_inline_auto\" id=\"style-css-av-lo8f3bsd-e2117d2b569b850312ea2fa71174b50c\">\n#top .hr.hr-invisible.av-lo8f3bsd-e2117d2b569b850312ea2fa71174b50c{\nheight:40px;\n}\n<\/style>\n<div  class='hr av-lo8f3bsd-e2117d2b569b850312ea2fa71174b50c hr-invisible  avia-builder-el-3  el_after_av_image  el_before_av_textblock '><span class='hr-inner '><span class=\"hr-inner-style\"><\/span><\/span><\/div><br \/>\n<section  class='av_textblock_section av-lkjfzgsz-867e9d506ef3385a83adb5ec817a3290 '   itemscope=\"itemscope\" itemtype=\"https:\/\/schema.org\/BlogPosting\" itemprop=\"blogPost\" ><div class='avia_textblock'  itemprop=\"text\" ><h3><em>Cigarreras<\/em>\u00a0se despide entre aplausos del Teatro Fern\u00e1n G\u00f3mez de Madrid<\/h3>\n<p><strong>La pieza teatral despide su temporada en Madrid con \u00e9xito de p\u00fablico y cr\u00edtica<\/strong><\/p>\n<p>Selecci\u00f3n de cr\u00edticas de la obra en prensa y radio:<\/p>\n<p><a href=\"https:\/\/cadenaser.com\/cmadrid\/2024\/09\/29\/las-cigarreras-retratadas-por-pardo-bazan-en-el-teatro-fernan-gomez-las-cigarreras-eran-femeninas-los-jefes-eran-ellos-como-siempre-radio-madrid\/?fbclid=IwY2xjawH9HR9leHRuA2FlbQIxMAABHUbrSJSCGPFk4KucXvafvaku6B9ytsEANZ_Qw-ipemruVk-kQqUfoUxKzw_aem_nYqEOG4CPmQtq93_rwnecg\">Las &#8216;Cigarreras&#8217; retratadas por Pardo Baz\u00e1n, en el Teatro Fern\u00e1n G\u00f3mez: &#8220;Las cigarreras eran femeninas. Los jefes eran ellos&#8230; como siempre&#8221;<\/a><\/p>\n<p>A vivir Madrid &#8211; Cadena SER<\/p>\n<p><a href=\"https:\/\/laultimabambalina.blogspot.com\/2024\/10\/cigarreras-una-excelente-adaptacion.html?fbclid=IwY2xjawH9HKNleHRuA2FlbQIxMQABHURipAQTZGJdkIbCnwhA_j575dOu2IvwAHzEvmoa8kgbk9GqHFaIygyzUg_aem_OjEPkPJfPNUWM9e9_bB5KQ\">&#8220;Cigarreras&#8221;, una excelente adaptaci\u00f3n teatral de &#8220;La Tribuna&#8221;, de Emilia Pardo Baz\u00e1n, en el Teatro Fern\u00e1n G\u00f3mez<\/a><\/p>\n<p>La \u00faltima Bambalina<\/p>\n<p><a href=\"https:\/\/www.diariocritico.com\/teatro\/cigarreras-critica?fbclid=IwY2xjawH9HTdleHRuA2FlbQIxMQABHXS8nrl3A1hdg2LTnDqasIBa7_pT6B-frK4CL1UENY4j5B_9Q1UnwDrXNA_aem_zQP8LC1PB0eyAnm3GThHKA\">Cr\u00edtica de la obra de teatro &#8216;Cigarreras&#8217;: mujeres, trabajadoras y reivindicativas<\/a><\/p>\n<p>Diario Cr\u00edtico<\/p>\n<p><a href=\"https:\/\/www.culturamas.es\/2024\/09\/27\/cigarreras-triunfo-de-noble-costumbrismo-gallego\/?fbclid=IwY2xjawH9HTBleHRuA2FlbQIxMQABHWPptl5Xq1mSlbGloM0pbc2QDEOjq9qSEnxSq4S7IPvIxmvtG90HVCWCRw_aem_zhxWYCyYoz4RGxYISvM5uA\">Cigarreras: triunfo de noble costumbrismo gallego<\/a><\/p>\n<p>Culturamas<\/p>\n<p><a href=\"https:\/\/cinemagavia.es\/cigarreras-critica-teatro\/?fbclid=IwY2xjawH9HSxleHRuA2FlbQIxMQABHScq_m0tCW0A22K2-BaoblQjVK3NEBRIbNhq4orHxsRT88alC_JNoVMMvw_aem_HORW3Fn8SSpxngxlMWxe-g\">Cigarreras&#8221;: La voz de las mujeres<\/a><\/p>\n<p>CinemaGavia<\/p>\n<p><a href=\"https:\/\/www.vistateatral.com\/2024\/10\/teatro-cigarreras-teatro-fernan-gomez.html?fbclid=IwY2xjawH9HRhleHRuA2FlbQIxMAABHUbrSJSCGPFk4KucXvafvaku6B9ytsEANZ_Qw-ipemruVk-kQqUfoUxKzw_aem_nYqEOG4CPmQtq93_rwnecg\">Cigarreras. Teatro Fern\u00e1n G\u00f3mez (Sala Guirau)<\/a><\/p>\n<p>Vista Teatral<\/p>\n<p><a href=\"https:\/\/www.cope.es\/blogs\/palomitas-de-maiz\/2024\/10\/10\/critica-cigarreras-afinada-teatralizacion-de-la-novela-la-tribuna-de-pardo-bazan\/?fbclid=IwY2xjawH9HLlleHRuA2FlbQIxMQABHYwvfn8v3-tz-VfcwIkhNHG7pXBb9Y9UXJOuwMEvVhzTeXZz9Hn06ca4WA_aem_1c9AkccmxcFxsAOGkqBShg\">C\u00e1ndido Paz\u00f3 entrega una afinada teatralizaci\u00f3n de la novela \u2018La Tribuna\u2019, de Emilia Pardo Baz\u00e1n, con un reparto de premio en las \u2018Cigarreras\u2019<\/a><\/p>\n<p>Palomitas de ma\u00edz &#8211; Blogs de COPE<\/p>\n<p><a href=\"https:\/\/noescinetodoloquereluce.com\/2024\/10\/teatro-critica-cigarreras.html?fbclid=IwY2xjawH9HK9leHRuA2FlbQIxMQABHWj2ZTKHfK1HGf4BFNr9P6Ieqc03OgIKbeNEk244BIQg08GVQpL5kENr9A_aem_t8xiKEQiDrCh2Wv3wLUDsQ\">Cr\u00edtica de \u2018Cigarreras\u2019: Ilusiones y desilusiones de una revoluci\u00f3n fallida<\/a><\/p>\n<p>No es cine todo lo que reluce<\/p>\n<p><a href=\"https:\/\/www.elindependiente.com\/tendencias\/teatro\/2024\/09\/27\/cigarreras-la-tribuna-de-pardo-bazan-hecha-carne-y-teatro\/?fbclid=IwY2xjawH9HTNleHRuA2FlbQIxMQABHULwNgHJ2kuYIiYKGRg32XJ66Cv0IKVRJBGTWgC6VhZfLgY6h20c8hr8CA_aem__ZLuKc0vqTS0bhpy_oNVpQ\">&#8216;Cigarreras&#8217;: la Tribuna de Pardo Baz\u00e1n hecha carne y teatro<\/a><\/p>\n<p>El Independiente<\/p>\n<p><a href=\"https:\/\/www.periodistadigital.com\/cultura\/guia-cultural\/20240925\/entranables-cigarreras-coda-nefasta-noticia-689405024879\/\">Unas entra\u00f1ables cigarreras en la primera rep\u00fablica<\/a><\/p>\n<p>Periodista Digital<\/p>\n<p><a href=\"https:\/\/www.larazon.es\/cultura\/teatro\/emilia-pardo-bazan-solo-mujeres_2024091966eb75a8b3741e0001eb07f9.html?fbclid=IwY2xjawH9HVFleHRuA2FlbQIxMQABHcM9GNItMLvJfZ-X5wEmjF7jEjjvwlOVSsXUFHjwn-aD1-Fh0DHWWG_cHQ_aem_0lXrdeCPGnTIyCrfWHLBsA\">Emilia Pardo Baz\u00e1n: solo entre mujeres<\/a><\/p>\n<p>La Raz\u00f3n<\/p>\n<p><a href=\"https:\/\/elpais.com\/babelia\/2024-09-20\/cigarreras-las-mujeres-obreras-vistas-por-la-aristocrata-pardo-bazan.html?utm_medium=social&amp;utm_campaign=echobox&amp;ssm=FB_CM_BABE&amp;fbclid=IwY2xjawH9HU1leHRuA2FlbQIxMQABHcktDqsDzujFPWFT-IkwcfDLIe2HJQYsOJish62DvkF5-JdN7e_5hle-Jg_aem_zuizMHMO6wtnyEh8CFDq1Q#Echobox=1726832984\">\u2018Cigarreras\u2019: las mujeres obreras, vistas por la arist\u00f3crata Pardo Baz\u00e1n<\/a><\/p>\n<p>El Pa\u00eds<\/p>\n<p><a href=\"https:\/\/www.elespanol.com\/el-cultural\/escenarios\/teatro\/20240919\/cigarreras-pardo-bazan-alzan-voz-mujer-trabajadora\/883912115_0.html?utm_medium=Social&amp;utm_campaign=Besocy&amp;utm_source=Facebook\">Las cigarreras de Pardo Baz\u00e1n alzan la voz de la mujer trabajadora<\/a><\/p>\n<p>El Cultural<\/p>\n<p><a href=\"https:\/\/www.traslamascara.com\/cigarreras-critica-teatral\/\">Cigarreras, cr\u00edtica teatral<\/a><\/p>\n<p>Tras la M\u00e1scara<\/p>\n<p><a href=\"https:\/\/guiadelocio.es\/madrid\/plan\/cigarreras-una-nueva-vision-teatral-de-la-obra-de-emilia-pardo-bazan\/?fbclid=IwY2xjawH9HQZleHRuA2FlbQIxMQABHXmsq_JpsClz0KxeaZlGkJ4XmuaS9LYPOT6PDrR5Yzr4fMm-rXeSGiPzDA_aem_mckSK_k0MwJIkCKRZXpr4Q\">Cigarreras: una nueva visi\u00f3n teatral de la obra de Emilia Pardo Baz\u00e1n<\/a><\/p>\n<p>La gu\u00eda del ocio<\/p>\n<p><a href=\"https:\/\/revistagodot.com\/la-conquista-de-los-derechos-laborales-de-la-mujer\/?fbclid=IwY2xjawH9HWdleHRuA2FlbQIxMQABHd7375Ddvoo2Oc4Wq8ROQ4KL2HCjE2btMk0Pe6aJMUvJV31iHRjB33ZF3g_aem_nH9gXFC9ubpkeh4BSlTLNA\">La conquista de los derechos laborales de la mujer<\/a><\/p>\n<p>Revista de Artes Esc\u00e9nicas GODOT<\/p>\n<p>+info:<br \/>\n<a href=\"https:\/\/www.teatrofernangomez.es\/actividades\/cigarreras\" target=\"_blank\" rel=\"noopener\">Cigarreras<\/a><\/p>\n<\/div><\/section><\/p><\/div><div  class='flex_column av-2vb6d4-c8663b086c832dd8ac8eb5d11f7418bd av_one_fifth  avia-builder-el-5  el_after_av_three_fifth  avia-builder-el-last  flex_column_div  '     ><\/div><\/p>\n","protected":false},"excerpt":{"rendered":"","protected":false},"author":2,"featured_media":12594,"comment_status":"closed","ping_status":"closed","sticky":false,"template":"","format":"standard","meta":{"footnotes":""},"categories":[41,42],"tags":[],"class_list":["post-12588","post","type-post","status-publish","format-standard","has-post-thumbnail","hentry","category-novas-gl","category-prensa-gl"],"_links":{"self":[{"href":"https:\/\/mariaroja.com\/gl\/wp-json\/wp\/v2\/posts\/12588","targetHints":{"allow":["GET"]}}],"collection":[{"href":"https:\/\/mariaroja.com\/gl\/wp-json\/wp\/v2\/posts"}],"about":[{"href":"https:\/\/mariaroja.com\/gl\/wp-json\/wp\/v2\/types\/post"}],"author":[{"embeddable":true,"href":"https:\/\/mariaroja.com\/gl\/wp-json\/wp\/v2\/users\/2"}],"replies":[{"embeddable":true,"href":"https:\/\/mariaroja.com\/gl\/wp-json\/wp\/v2\/comments?post=12588"}],"version-history":[{"count":3,"href":"https:\/\/mariaroja.com\/gl\/wp-json\/wp\/v2\/posts\/12588\/revisions"}],"predecessor-version":[{"id":12784,"href":"https:\/\/mariaroja.com\/gl\/wp-json\/wp\/v2\/posts\/12588\/revisions\/12784"}],"wp:featuredmedia":[{"embeddable":true,"href":"https:\/\/mariaroja.com\/gl\/wp-json\/wp\/v2\/media\/12594"}],"wp:attachment":[{"href":"https:\/\/mariaroja.com\/gl\/wp-json\/wp\/v2\/media?parent=12588"}],"wp:term":[{"taxonomy":"category","embeddable":true,"href":"https:\/\/mariaroja.com\/gl\/wp-json\/wp\/v2\/categories?post=12588"},{"taxonomy":"post_tag","embeddable":true,"href":"https:\/\/mariaroja.com\/gl\/wp-json\/wp\/v2\/tags?post=12588"}],"curies":[{"name":"wp","href":"https:\/\/api.w.org\/{rel}","templated":true}]}}