{"id":14350,"date":"2026-02-17T15:58:37","date_gmt":"2026-02-17T14:58:37","guid":{"rendered":"https:\/\/mariaroja.com\/?p=14350"},"modified":"2026-02-17T16:05:59","modified_gmt":"2026-02-17T15:05:59","slug":"a-noite-dos-mortos-ao-vivo","status":"publish","type":"post","link":"https:\/\/mariaroja.com\/gl\/a-noite-dos-mortos-ao-vivo\/","title":{"rendered":"A noite dos mortos ao vivo"},"content":{"rendered":"<div  class='flex_column av-78qi2p-41d31d8346cabd3e865d86dfbef335a6 av_one_fifth  avia-builder-el-0  el_before_av_three_fifth  avia-builder-el-first  first flex_column_div  '     ><\/div>\n<div  class='flex_column av-nmu4h-474fd3ae82506f6688023aa10fe24296 av_three_fifth  avia-builder-el-1  el_after_av_one_fifth  el_before_av_one_fifth  flex_column_div  '     ><section  class='av_textblock_section av-lnlhr8y2-033d8c00ec87abaad1f947469344d07b '   itemscope=\"itemscope\" itemtype=\"https:\/\/schema.org\/BlogPosting\" itemprop=\"blogPost\" ><div class='avia_textblock'  itemprop=\"text\" ><h3>A noite dos mortos ao vivo<\/h3>\n<p><strong>Mar\u00eda Roja participa no espect\u00e1culo na s\u00faa estrea en Vigo<\/strong><\/p>\n<p>A proxecci\u00f3n da pel\u00edcula cl\u00e1sica <em>A noite dos mortos viventes<\/em> (1968) de George A. Romero chega agora cunha interpretaci\u00f3n completamente nova e envolvente. Mentres a pel\u00edcula se proxecta na pantalla, a Orquesta Cl\u00e1sica de Vigo executar\u00e1 en directo unha banda sonora especialmente seleccionada para a ocasi\u00f3n, substitu\u00edndo a m\u00fasica orixinal por arranxos que intensifican cada momento de tensi\u00f3n, medo e drama. Paralelamente, un equipo de actores e actrices de voz interpretar\u00e1 os di\u00e1logos en galego utilizando un gui\u00f3n creado especificamente para este espect\u00e1culo, ofrecendo as\u00ed unha nova dimensi\u00f3n narrativa que respecta o esp\u00edrito da obra orixinal pero cun enfoque fresco e culturalmente pr\u00f3ximo ao p\u00fablico galego.<\/p>\n<p>Esta proposta art\u00edstica pretende crear unha experiencia cinematogr\u00e1fica inmersiva que vaia m\u00e1is al\u00e1 da simple proxecci\u00f3n dunha pel\u00edcula, convertendo cada funci\u00f3n nun evento esc\u00e9nico irrepetible. A sincronizaci\u00f3n entre a m\u00fasica sinf\u00f3nica, as voces en directo e as imaxes na pantalla require unha precisi\u00f3n t\u00e9cnica e art\u00edstica extraordinaria, transformando o cinema nunha forma de arte multidisciplinar. O resultado \u00e9 un espect\u00e1culo que honra o legado do cinema de terror cl\u00e1sico mentres ofrece ao p\u00fablico contempor\u00e1neo unha experiencia sensorial completa.<\/p>\n<p>Adaptaci\u00f3n e dramaturxia: Silvia Penas<br \/>\nActuaci\u00f3n: Silvia Penas, Mar\u00eda Roja, Samuel Merino, Alex Sobrino<br \/>\nPercusi\u00f3n e ru\u00eddo: Carlos Castro, David Rodr\u00edguez e Diego Orge<br \/>\nAdaptaci\u00f3n musical: Daniel Sanmart\u00edn Nieto<br \/>\nAdaptaci\u00f3n cinematogr\u00e1fica: Jes\u00fas Ruperto Andr\u00e9s Tejada<br \/>\nInterpretaci\u00f3n musical: Orquesta Cl\u00e1sica de Vigo<br \/>\nDirecci\u00f3n musical: Manuel Mart\u00ednez \u00c1lvarez-Nava<br \/>\nIdea orixinal e direcci\u00f3n: Manuel Mart\u00ednez Torres<\/p>\n<p>Unha coproduci\u00f3n realizada entre a Orquesta Cl\u00e1sica de Vigo e o Festival Curtas<\/p>\n<p>+info:<br \/>\n<a href=\"https:\/\/orquestaclasica.com\/concerto\/cinema-orquestrado-a-noite-dos-mortos-ao-vivo\/\" target=\"_blank\" rel=\"noopener\">Cinema orquestrado: A noite dos mortos ao vivo<\/a><\/p>\n<\/div><\/section><br \/>\n\n<style type=\"text\/css\" data-created_by=\"avia_inline_auto\" id=\"style-css-av-4ud5ch-83e54b664999439fea8311dbf9a50753\">\n#top .hr.hr-invisible.av-4ud5ch-83e54b664999439fea8311dbf9a50753{\nheight:40px;\n}\n<\/style>\n<div  class='hr av-4ud5ch-83e54b664999439fea8311dbf9a50753 hr-invisible  avia-builder-el-3  el_after_av_textblock  el_before_av_image '><span class='hr-inner '><span class=\"hr-inner-style\"><\/span><\/span><\/div><br \/>\n\n<style type=\"text\/css\" data-created_by=\"avia_inline_auto\" id=\"style-css-av-lnlht1w2-63ef31d5540510c7169de892a6a060e2\">\n.avia-image-container.av-lnlht1w2-63ef31d5540510c7169de892a6a060e2 img.avia_image{\nbox-shadow:none;\n}\n.avia-image-container.av-lnlht1w2-63ef31d5540510c7169de892a6a060e2 .av-image-caption-overlay-center{\ncolor:#ffffff;\n}\n<\/style>\n<div  class='avia-image-container av-lnlht1w2-63ef31d5540510c7169de892a6a060e2 av-styling- avia-align-center  avia-builder-el-4  el_after_av_hr  avia-builder-el-last '   itemprop=\"image\" itemscope=\"itemscope\" itemtype=\"https:\/\/schema.org\/ImageObject\" ><div class=\"avia-image-container-inner\"><div class=\"avia-image-overlay-wrap\"><img decoding=\"async\" fetchpriority=\"high\" class='wp-image-14353 avia-img-lazy-loading-not-14353 avia_image ' src=\"https:\/\/mariaroja.com\/wp-content\/uploads\/2026\/02\/uriJ0vFPsS1i.jpg\" alt='' title='uriJ0vFPsS1i'  height=\"751\" width=\"600\"  itemprop=\"thumbnailUrl\" srcset=\"https:\/\/mariaroja.com\/wp-content\/uploads\/2026\/02\/uriJ0vFPsS1i.jpg 600w, https:\/\/mariaroja.com\/wp-content\/uploads\/2026\/02\/uriJ0vFPsS1i-240x300.jpg 240w, https:\/\/mariaroja.com\/wp-content\/uploads\/2026\/02\/uriJ0vFPsS1i-563x705.jpg 563w\" sizes=\"(max-width: 600px) 100vw, 600px\" \/><\/div><\/div><\/div><\/p><\/div><div  class='flex_column av-2sjec1-c836f50ad71ef5ab7b93b805aade5a95 av_one_fifth  avia-builder-el-5  el_after_av_three_fifth  avia-builder-el-last  flex_column_div  '     ><\/div><\/p>\n","protected":false},"excerpt":{"rendered":"","protected":false},"author":2,"featured_media":14353,"comment_status":"closed","ping_status":"closed","sticky":false,"template":"","format":"standard","meta":{"footnotes":""},"categories":[41],"tags":[],"class_list":["post-14350","post","type-post","status-publish","format-standard","has-post-thumbnail","hentry","category-novas-gl"],"_links":{"self":[{"href":"https:\/\/mariaroja.com\/gl\/wp-json\/wp\/v2\/posts\/14350","targetHints":{"allow":["GET"]}}],"collection":[{"href":"https:\/\/mariaroja.com\/gl\/wp-json\/wp\/v2\/posts"}],"about":[{"href":"https:\/\/mariaroja.com\/gl\/wp-json\/wp\/v2\/types\/post"}],"author":[{"embeddable":true,"href":"https:\/\/mariaroja.com\/gl\/wp-json\/wp\/v2\/users\/2"}],"replies":[{"embeddable":true,"href":"https:\/\/mariaroja.com\/gl\/wp-json\/wp\/v2\/comments?post=14350"}],"version-history":[{"count":4,"href":"https:\/\/mariaroja.com\/gl\/wp-json\/wp\/v2\/posts\/14350\/revisions"}],"predecessor-version":[{"id":14360,"href":"https:\/\/mariaroja.com\/gl\/wp-json\/wp\/v2\/posts\/14350\/revisions\/14360"}],"wp:featuredmedia":[{"embeddable":true,"href":"https:\/\/mariaroja.com\/gl\/wp-json\/wp\/v2\/media\/14353"}],"wp:attachment":[{"href":"https:\/\/mariaroja.com\/gl\/wp-json\/wp\/v2\/media?parent=14350"}],"wp:term":[{"taxonomy":"category","embeddable":true,"href":"https:\/\/mariaroja.com\/gl\/wp-json\/wp\/v2\/categories?post=14350"},{"taxonomy":"post_tag","embeddable":true,"href":"https:\/\/mariaroja.com\/gl\/wp-json\/wp\/v2\/tags?post=14350"}],"curies":[{"name":"wp","href":"https:\/\/api.w.org\/{rel}","templated":true}]}}