{"id":14382,"date":"2026-02-27T00:01:15","date_gmt":"2026-02-26T23:01:15","guid":{"rendered":"https:\/\/mariaroja.com\/?p=14382"},"modified":"2026-03-12T12:32:07","modified_gmt":"2026-03-12T11:32:07","slug":"yo-solo-quiero-irme-a-francia","status":"publish","type":"post","link":"https:\/\/mariaroja.com\/gl\/yo-solo-quiero-irme-a-francia\/","title":{"rendered":"Yo solo quiero irme a Francia"},"content":{"rendered":"<div  class='flex_column av-55l2g8-232800511e5b9d534e828644ca1ce5f2 av_one_fifth  avia-builder-el-0  el_before_av_three_fifth  avia-builder-el-first  first flex_column_div  '     ><\/div>\n<div  class='flex_column av-4m0z88-8756e3aab01096275d9cbc94701c1b83 av_three_fifth  avia-builder-el-1  el_after_av_one_fifth  el_before_av_one_fifth  flex_column_div  '     ><p>\n<style type=\"text\/css\" data-created_by=\"avia_inline_auto\" id=\"style-css-av-lkjg0hfr-5f363d793d33e97115fe15b1584360fa\">\n.avia-image-container.av-lkjg0hfr-5f363d793d33e97115fe15b1584360fa img.avia_image{\nbox-shadow:none;\n}\n.avia-image-container.av-lkjg0hfr-5f363d793d33e97115fe15b1584360fa .av-image-caption-overlay-center{\ncolor:#ffffff;\n}\n<\/style>\n<div  class='avia-image-container av-lkjg0hfr-5f363d793d33e97115fe15b1584360fa av-styling- avia-align-center  avia-builder-el-2  el_before_av_hr  avia-builder-el-first '   itemprop=\"image\" itemscope=\"itemscope\" itemtype=\"https:\/\/schema.org\/ImageObject\" ><div class=\"avia-image-container-inner\"><div class=\"avia-image-overlay-wrap\"><img decoding=\"async\" fetchpriority=\"high\" class='wp-image-14469 avia-img-lazy-loading-not-14469 avia_image ' src=\"https:\/\/mariaroja.com\/wp-content\/uploads\/2026\/03\/Cartel-100X70-con-Maria-Roja_baixa.jpg\" alt='' title='Cartel 100X70 con Mari\u0301a Roja_baixa'  height=\"1920\" width=\"1344\"  itemprop=\"thumbnailUrl\" srcset=\"https:\/\/mariaroja.com\/wp-content\/uploads\/2026\/03\/Cartel-100X70-con-Maria-Roja_baixa.jpg 1344w, https:\/\/mariaroja.com\/wp-content\/uploads\/2026\/03\/Cartel-100X70-con-Maria-Roja_baixa-210x300.jpg 210w, https:\/\/mariaroja.com\/wp-content\/uploads\/2026\/03\/Cartel-100X70-con-Maria-Roja_baixa-721x1030.jpg 721w, https:\/\/mariaroja.com\/wp-content\/uploads\/2026\/03\/Cartel-100X70-con-Maria-Roja_baixa-768x1097.jpg 768w, https:\/\/mariaroja.com\/wp-content\/uploads\/2026\/03\/Cartel-100X70-con-Maria-Roja_baixa-1075x1536.jpg 1075w, https:\/\/mariaroja.com\/wp-content\/uploads\/2026\/03\/Cartel-100X70-con-Maria-Roja_baixa-1050x1500.jpg 1050w, https:\/\/mariaroja.com\/wp-content\/uploads\/2026\/03\/Cartel-100X70-con-Maria-Roja_baixa-494x705.jpg 494w\" sizes=\"(max-width: 1344px) 100vw, 1344px\" \/><\/div><\/div><\/div><br \/>\n\n<style type=\"text\/css\" data-created_by=\"avia_inline_auto\" id=\"style-css-av-lo8f3bsd-e2117d2b569b850312ea2fa71174b50c\">\n#top .hr.hr-invisible.av-lo8f3bsd-e2117d2b569b850312ea2fa71174b50c{\nheight:40px;\n}\n<\/style>\n<div  class='hr av-lo8f3bsd-e2117d2b569b850312ea2fa71174b50c hr-invisible  avia-builder-el-3  el_after_av_image  el_before_av_textblock '><span class='hr-inner '><span class=\"hr-inner-style\"><\/span><\/span><\/div><br \/>\n<section  class='av_textblock_section av-lkjfzgsz-cadb7fe869da5ef809f2d14b6b708cb7 '   itemscope=\"itemscope\" itemtype=\"https:\/\/schema.org\/BlogPosting\" itemprop=\"blogPost\" ><div class='avia_textblock'  itemprop=\"text\" ><h3>Yo solo quiero irme a Francia<\/h3>\n<p><strong>Mar\u00eda Roja incorp\u00f3rase ao elenco da exitosa montaxe teatral protagonizada por Mar\u00eda Galiana<\/strong><\/p>\n<p><em>In\u00e9s asiste ao velorio de Pilar, quen decide deixarlle a s\u00faa casa en herdanza sen tela co\u00f1ecida nunca e sen avisar \u00e1 s\u00faa neta. <\/em><br \/>\n<em>Xuntas descubrir\u00e1n un pasado que desco\u00f1ec\u00edan, abrindo vellas feridas familiares que se remontan \u00e1 infancia de Pilar durante os \u00faltimos meses da Guerra Civil e \u00e1 s\u00faa mocidade.<\/em><br \/>\n<em>Sobre as t\u00e1boas veremos a catro mulleres de diferentes xeraci\u00f3ns que buscan ese lugar que tanto anhelan e imaxinan que alg\u00fans chaman liberdade.<\/em><br \/>\n<em>Canto pesan as herdanzas emocionais, esas que ningu\u00e9n reclama, pero que fan sufrir a xeraci\u00f3ns?<\/em><\/p>\n<p>Este \u00e9 o debut como directora de Elisabeth Larena, autora tam\u00e9n do texto, \u00e1 que, durante a s\u00faa escritura, acompa\u00f1aron as s\u00faas memorias, que non foron vividas por ela, sen\u00f3n pola s\u00faa avoa.<br \/>\nO espect\u00e1culo est\u00e1 protagonizado por Mar\u00eda Galiana, grand\u00edsima actriz de cine e de teatro, ga\u00f1adora dos m\u00e1is importantes premios como o Goya ou M\u00e9rito a las Bellas Artes do Ministerio de Cultura. Xunto a ela, subiranse \u00e1s t\u00e1boas Nieves de Medina, Anna Mayo e a galega Mar\u00eda Roja.<br \/>\nEsta peza \u00e9 a \u00faltima aventura dunha das produtoras galegas m\u00e1is s\u00f3lidas, Contraproduci\u00f3ns.<\/p>\n<p>+Info e datas:<br \/>\n<a href=\"https:\/\/www.contraproducions.com\/espectaculo\/yo-solo-quiero-irme-a-francia\/ \" target=\"_blank\" rel=\"noopener\">Yo solo quiero irme a Francia<\/a><\/p>\n<\/div><\/section><\/p><\/div><div  class='flex_column av-2vb6d4-c8663b086c832dd8ac8eb5d11f7418bd av_one_fifth  avia-builder-el-5  el_after_av_three_fifth  avia-builder-el-last  flex_column_div  '     ><\/div><\/p>\n","protected":false},"excerpt":{"rendered":"","protected":false},"author":2,"featured_media":14469,"comment_status":"closed","ping_status":"closed","sticky":false,"template":"","format":"standard","meta":{"footnotes":""},"categories":[41],"tags":[],"class_list":["post-14382","post","type-post","status-publish","format-standard","has-post-thumbnail","hentry","category-novas-gl"],"_links":{"self":[{"href":"https:\/\/mariaroja.com\/gl\/wp-json\/wp\/v2\/posts\/14382","targetHints":{"allow":["GET"]}}],"collection":[{"href":"https:\/\/mariaroja.com\/gl\/wp-json\/wp\/v2\/posts"}],"about":[{"href":"https:\/\/mariaroja.com\/gl\/wp-json\/wp\/v2\/types\/post"}],"author":[{"embeddable":true,"href":"https:\/\/mariaroja.com\/gl\/wp-json\/wp\/v2\/users\/2"}],"replies":[{"embeddable":true,"href":"https:\/\/mariaroja.com\/gl\/wp-json\/wp\/v2\/comments?post=14382"}],"version-history":[{"count":4,"href":"https:\/\/mariaroja.com\/gl\/wp-json\/wp\/v2\/posts\/14382\/revisions"}],"predecessor-version":[{"id":14471,"href":"https:\/\/mariaroja.com\/gl\/wp-json\/wp\/v2\/posts\/14382\/revisions\/14471"}],"wp:featuredmedia":[{"embeddable":true,"href":"https:\/\/mariaroja.com\/gl\/wp-json\/wp\/v2\/media\/14469"}],"wp:attachment":[{"href":"https:\/\/mariaroja.com\/gl\/wp-json\/wp\/v2\/media?parent=14382"}],"wp:term":[{"taxonomy":"category","embeddable":true,"href":"https:\/\/mariaroja.com\/gl\/wp-json\/wp\/v2\/categories?post=14382"},{"taxonomy":"post_tag","embeddable":true,"href":"https:\/\/mariaroja.com\/gl\/wp-json\/wp\/v2\/tags?post=14382"}],"curies":[{"name":"wp","href":"https:\/\/api.w.org\/{rel}","templated":true}]}}