{"id":14569,"date":"2026-04-01T00:30:24","date_gmt":"2026-03-31T22:30:24","guid":{"rendered":"https:\/\/mariaroja.com\/?p=14569"},"modified":"2026-04-25T22:12:29","modified_gmt":"2026-04-25T20:12:29","slug":"yo-solo-quiero-irme-a-francia-hara-temporada-en-madrid","status":"publish","type":"post","link":"https:\/\/mariaroja.com\/gl\/yo-solo-quiero-irme-a-francia-hara-temporada-en-madrid\/","title":{"rendered":"&#8220;Yo solo quiero irme a Francia&#8221;: Temporada en Madrid"},"content":{"rendered":"<div  class='flex_column av-5kqrj5-24b0342ea97579ccbd0168b9526dc643 av_one_fifth  avia-builder-el-0  el_before_av_three_fifth  avia-builder-el-first  first flex_column_div  '     ><\/div>\n<div  class='flex_column av-3q9pu9-abf8e6ad32f36389cd95c324ac3ba13a av_three_fifth  avia-builder-el-1  el_after_av_one_fifth  el_before_av_one_fifth  flex_column_div  '     ><p>\n<style type=\"text\/css\" data-created_by=\"avia_inline_auto\" id=\"style-css-av-lkjgnchl-756b3fbfec58d5d9b227df372e00d334\">\n.avia-image-container.av-lkjgnchl-756b3fbfec58d5d9b227df372e00d334 img.avia_image{\nbox-shadow:none;\n}\n.avia-image-container.av-lkjgnchl-756b3fbfec58d5d9b227df372e00d334 .av-image-caption-overlay-center{\ncolor:#ffffff;\n}\n<\/style>\n<div  class='avia-image-container av-lkjgnchl-756b3fbfec58d5d9b227df372e00d334 av-styling- avia-align-center  avia-builder-el-2  el_before_av_hr  avia-builder-el-first '   itemprop=\"image\" itemscope=\"itemscope\" itemtype=\"https:\/\/schema.org\/ImageObject\" ><div class=\"avia-image-container-inner\"><div class=\"avia-image-overlay-wrap\"><img decoding=\"async\" fetchpriority=\"high\" class='wp-image-14572 avia-img-lazy-loading-not-14572 avia_image ' src=\"https:\/\/mariaroja.com\/wp-content\/uploads\/2026\/03\/A-Francia-8-1030x687-1.jpg\" alt='' title='A-Francia-8-1030x687'  height=\"687\" width=\"1030\"  itemprop=\"thumbnailUrl\" srcset=\"https:\/\/mariaroja.com\/wp-content\/uploads\/2026\/03\/A-Francia-8-1030x687-1.jpg 1030w, https:\/\/mariaroja.com\/wp-content\/uploads\/2026\/03\/A-Francia-8-1030x687-1-300x200.jpg 300w, https:\/\/mariaroja.com\/wp-content\/uploads\/2026\/03\/A-Francia-8-1030x687-1-768x512.jpg 768w, https:\/\/mariaroja.com\/wp-content\/uploads\/2026\/03\/A-Francia-8-1030x687-1-705x470.jpg 705w\" sizes=\"(max-width: 1030px) 100vw, 1030px\" \/><\/div><\/div><\/div><br \/>\n\n<style type=\"text\/css\" data-created_by=\"avia_inline_auto\" id=\"style-css-av-lo8f1ohw-7cfeebca6e61425b004a29424758d797\">\n#top .hr.hr-invisible.av-lo8f1ohw-7cfeebca6e61425b004a29424758d797{\nheight:40px;\n}\n<\/style>\n<div  class='hr av-lo8f1ohw-7cfeebca6e61425b004a29424758d797 hr-invisible  avia-builder-el-3  el_after_av_image  el_before_av_textblock '><span class='hr-inner '><span class=\"hr-inner-style\"><\/span><\/span><\/div><br \/>\n<section  class='av_textblock_section av-lkjgjgpd-63f0cb8fb9390888168435decebc3b4e '   itemscope=\"itemscope\" itemtype=\"https:\/\/schema.org\/BlogPosting\" itemprop=\"blogPost\" ><div class='avia_textblock'  itemprop=\"text\" ><h3><em>Yo solo quiero irme a Francia<\/em>: Temporada en Madrid<\/h3>\n<p><strong>El Gran Teatro Pav\u00f3n acoger\u00e1 la obra en la que participa Mar\u00eda Roja<\/strong><\/p>\n<p>YO SOLO QUIERO IRME A FRANCIA<br \/>\nDel 29 de abril al 24 de mayo de 2026<br \/>\nGran Teatro Pav\u00f3n, Madrid<\/p>\n<p><em>In\u00e9s asiste al velatorio de Pilar, una mujer que decide dejarle su casa en herencia sin haberla conocido nunca y sin avisar a Leo, su nieta.<br \/>\nJuntas descubrir\u00e1n un pasado desconocido, abriendo viejas heridas familiares que se remontan a la ni\u00f1ez de Pilar durante los \u00faltimos meses de la Guerra Civil y a su juventud en la Secci\u00f3n Femenina.<br \/>\n\u00bfCu\u00e1nto pesan las herencias emocionales, esas que nadie reclama, pero marcan a generaciones enteras?<br \/>\nEl proceso de documentaci\u00f3n para dar vida a Pilar, nuestra protagonista, se entrelaz\u00f3 con mis propias memorias: aquellas que no viv\u00ed directamente, pero que s\u00ed vivi\u00f3 mi abuela y que, de alg\u00fan modo, me habitan.<br \/>\nEse \u00abYo, o\u00edr, ver y callar\u00bb tantas veces repetido a mi madre, a mis hermanas y a m\u00ed, aunque sienta que no me pertenece, sigue vivo a trav\u00e9s de m\u00ed, como un eco que atraviesa el tiempo y la sangre.<\/em><\/p>\n<p>Escrita y dirigida por Elisabeth Larena, en su \u00f3pera prima, la historia est\u00e1 protagonizada por Mar\u00eda Galiana, junto a Nieve de Medina, Mar\u00eda Roja y Anna Mayo, en la que es la m\u00e1s reciente producci\u00f3n de la empresa gallega Contraproduci\u00f3ns.<\/p>\n<p>Entradas:<br \/>\n<a href=\"https:\/\/tickets.oneboxtds.com\/tpavon\/events\/51268?_gl=1*12e2xu3*_gcl_au*OTY0NzA1OTMwLjE3NzQ4ODg1NDc.*_ga*NzQ1MjgxMjc4LjE3NzQ4ODg1NDc.*_ga_WZQM78EX01*czE3NzQ4ODg1NDckbzEkZzAkdDE3NzQ4ODg1NDckajYwJGwwJGgw&amp;sessionView=LIST\" rel=\"noopener\">Gran Teatro Pav\u00f3n: Yo solo quiero irme a Francia<\/a><\/p>\n<\/div><\/section><\/p><\/div><div  class='flex_column av-329y5t-579878c93a5c99f5fb8515f59bab5bca av_one_fifth  avia-builder-el-5  el_after_av_three_fifth  avia-builder-el-last  flex_column_div  '     ><\/div><\/p>\n","protected":false},"excerpt":{"rendered":"","protected":false},"author":2,"featured_media":14572,"comment_status":"closed","ping_status":"closed","sticky":false,"template":"","format":"standard","meta":{"footnotes":""},"categories":[41],"tags":[],"class_list":["post-14569","post","type-post","status-publish","format-standard","has-post-thumbnail","hentry","category-novas-gl"],"_links":{"self":[{"href":"https:\/\/mariaroja.com\/gl\/wp-json\/wp\/v2\/posts\/14569","targetHints":{"allow":["GET"]}}],"collection":[{"href":"https:\/\/mariaroja.com\/gl\/wp-json\/wp\/v2\/posts"}],"about":[{"href":"https:\/\/mariaroja.com\/gl\/wp-json\/wp\/v2\/types\/post"}],"author":[{"embeddable":true,"href":"https:\/\/mariaroja.com\/gl\/wp-json\/wp\/v2\/users\/2"}],"replies":[{"embeddable":true,"href":"https:\/\/mariaroja.com\/gl\/wp-json\/wp\/v2\/comments?post=14569"}],"version-history":[{"count":4,"href":"https:\/\/mariaroja.com\/gl\/wp-json\/wp\/v2\/posts\/14569\/revisions"}],"predecessor-version":[{"id":14671,"href":"https:\/\/mariaroja.com\/gl\/wp-json\/wp\/v2\/posts\/14569\/revisions\/14671"}],"wp:featuredmedia":[{"embeddable":true,"href":"https:\/\/mariaroja.com\/gl\/wp-json\/wp\/v2\/media\/14572"}],"wp:attachment":[{"href":"https:\/\/mariaroja.com\/gl\/wp-json\/wp\/v2\/media?parent=14569"}],"wp:term":[{"taxonomy":"category","embeddable":true,"href":"https:\/\/mariaroja.com\/gl\/wp-json\/wp\/v2\/categories?post=14569"},{"taxonomy":"post_tag","embeddable":true,"href":"https:\/\/mariaroja.com\/gl\/wp-json\/wp\/v2\/tags?post=14569"}],"curies":[{"name":"wp","href":"https:\/\/api.w.org\/{rel}","templated":true}]}}