{"id":14655,"date":"2026-04-01T18:01:32","date_gmt":"2026-04-01T16:01:32","guid":{"rendered":"https:\/\/mariaroja.com\/?p=14655"},"modified":"2026-04-01T18:04:02","modified_gmt":"2026-04-01T16:04:02","slug":"yo-solo-quiero-irme-a-francia-tal-como-somos","status":"publish","type":"post","link":"https:\/\/mariaroja.com\/gl\/yo-solo-quiero-irme-a-francia-tal-como-somos\/","title":{"rendered":"&#8216;Yo solo quiero irme a Francia&#8217;: Tal como somos"},"content":{"rendered":"<div  class='flex_column av-55l2g8-232800511e5b9d534e828644ca1ce5f2 av_one_fifth  avia-builder-el-0  el_before_av_three_fifth  avia-builder-el-first  first flex_column_div  '     ><\/div>\n<div  class='flex_column av-4m0z88-8756e3aab01096275d9cbc94701c1b83 av_three_fifth  avia-builder-el-1  el_after_av_one_fifth  el_before_av_one_fifth  flex_column_div  '     ><p>\n<style type=\"text\/css\" data-created_by=\"avia_inline_auto\" id=\"style-css-av-lkjg0hfr-9f8d627401f2929d5e7354828f90c273\">\n.avia-image-container.av-lkjg0hfr-9f8d627401f2929d5e7354828f90c273 img.avia_image{\nbox-shadow:none;\n}\n.avia-image-container.av-lkjg0hfr-9f8d627401f2929d5e7354828f90c273 .av-image-caption-overlay-center{\ncolor:#ffffff;\n}\n<\/style>\n<div  class='avia-image-container av-lkjg0hfr-9f8d627401f2929d5e7354828f90c273 av-styling- avia-align-center  avia-builder-el-2  el_before_av_hr  avia-builder-el-first '   itemprop=\"image\" itemscope=\"itemscope\" itemtype=\"https:\/\/schema.org\/ImageObject\" ><div class=\"avia-image-container-inner\"><div class=\"avia-image-overlay-wrap\"><img decoding=\"async\" fetchpriority=\"high\" class='wp-image-14532 avia-img-lazy-loading-not-14532 avia_image ' src=\"https:\/\/mariaroja.com\/wp-content\/uploads\/2026\/03\/A-Francia_1.jpg\" alt='' title='A Francia_1'  height=\"1280\" width=\"1920\"  itemprop=\"thumbnailUrl\" srcset=\"https:\/\/mariaroja.com\/wp-content\/uploads\/2026\/03\/A-Francia_1.jpg 1920w, https:\/\/mariaroja.com\/wp-content\/uploads\/2026\/03\/A-Francia_1-300x200.jpg 300w, https:\/\/mariaroja.com\/wp-content\/uploads\/2026\/03\/A-Francia_1-1030x687.jpg 1030w, https:\/\/mariaroja.com\/wp-content\/uploads\/2026\/03\/A-Francia_1-768x512.jpg 768w, https:\/\/mariaroja.com\/wp-content\/uploads\/2026\/03\/A-Francia_1-1536x1024.jpg 1536w, https:\/\/mariaroja.com\/wp-content\/uploads\/2026\/03\/A-Francia_1-1500x1000.jpg 1500w, https:\/\/mariaroja.com\/wp-content\/uploads\/2026\/03\/A-Francia_1-705x470.jpg 705w\" sizes=\"(max-width: 1920px) 100vw, 1920px\" \/><\/div><\/div><\/div><br \/>\n\n<style type=\"text\/css\" data-created_by=\"avia_inline_auto\" id=\"style-css-av-lo8f3bsd-e2117d2b569b850312ea2fa71174b50c\">\n#top .hr.hr-invisible.av-lo8f3bsd-e2117d2b569b850312ea2fa71174b50c{\nheight:40px;\n}\n<\/style>\n<div  class='hr av-lo8f3bsd-e2117d2b569b850312ea2fa71174b50c hr-invisible  avia-builder-el-3  el_after_av_image  el_before_av_textblock '><span class='hr-inner '><span class=\"hr-inner-style\"><\/span><\/span><\/div><br \/>\n<section  class='av_textblock_section av-lkjfzgsz-cadb7fe869da5ef809f2d14b6b708cb7 '   itemscope=\"itemscope\" itemtype=\"https:\/\/schema.org\/BlogPosting\" itemprop=\"blogPost\" ><div class='avia_textblock'  itemprop=\"text\" ><h3>&#8216;Yo solo quiero irme a Francia&#8217;: Tal como somos<\/h3>\n<p><strong>Cr\u00edtica de Bernardo Romero para Huelva24<\/strong><\/p>\n<p>Una historia bien construida y con los tiempos muy medidos solo puede proceder de una mente l\u00facida y valiente, tanto como para dar cuenta de las cosas que han pasado, y c\u00f3mo han pasado, adem\u00e1s de las que pasan y c\u00f3mo est\u00e1n pasando. Sobre el texto habr\u00eda mucho que decir, y todo sobresaliente, pues no es poca cosa que se relate una historia de la posguerra que huye de la consabida historieta de los buenos contra los malos, para lo cual bastar\u00e1 una solo frase de la protagonista en la que recuerda un momento tr\u00e1gico de un conflicto cruel y terrible que acaeci\u00f3 en Espa\u00f1a hace casi un siglo. Del mismo modo bastar\u00e1 una frase de una de las j\u00f3venes que sostienen buena parte de la obra, sobre su dedicaci\u00f3n profesional, para poner en solfa a todo este periodismo digital \u00e0 la mode, tan alejado de un oficio hoy tremendamente maltratado. Con solo el tono de voz y tres titulares de sus colaboraciones en la revista en la que trabaja, Mar\u00eda Roja aplasta toda esta tendencia de ciertas empresas period\u00edsticas a sobreponer el clickbait al rigor y a la seriedad. Y adem\u00e1s lo dice con resignaci\u00f3n, dando por hecho que su trabajo es un fiasco muy alejado de lo que deber\u00eda ser su profesi\u00f3n. Y no son s\u00f3lo estos los dilemas que aborda Elisabeth Larena en su entretenida obra, son tambi\u00e9n el caso de los ni\u00f1os robados, el deseo de zarpar de un ambiente pol\u00edtico y social agobiante, o el no saber muy bien qu\u00e9 hacer cada cual con su vida. Todo esto, con ser mucho, no lo es todo. Un l\u00edo familiar bastante complicado es lo que conduce la obra y toda la acci\u00f3n, dando las pistas justas al tiempo que transcurre una acci\u00f3n que respeta todos los principios b\u00e1sicos de un texto teatral o un guion cinematogr\u00e1fico, desde la presentaci\u00f3n de los personajes que se inicia con un di\u00e1logo con el p\u00fablico, ya entregado por el personaje que es en s\u00ed Mar\u00eda Galiana, de una actriz sobre la que pivota toda la obra. Del resto de actrices hemos de reconocer que su trabajo es excelente, que est\u00e1n metidas en el papel con una naturalidad que anima o contribuye a que sea cre\u00edble una historia por la que rondan esp\u00edritus de fallecidas que el espectador debe asumir incluso en el caso de que sean irreductiblemente agn\u00f3sticos.<br \/>\nMar\u00eda Galiana es indudablemente el mayor atractivo del cartel, lo cual se deriva de sus aclamadas participaciones en series muy seguidas por el gran p\u00fablico. Detr\u00e1s de toda esa popularidad, es evidente que est\u00e1 la actriz de teatro que siempre fue. Con sus partenaires ocurre algo parecido, pues son, con mayor o menor experiencia, unas actrices de altura, como demuestra que aparezcan en la obra convincentes y sin estridencias, algo que agradece el p\u00fablico y a buen seguro la joven y sorprendente directora, destinada a ser una firma de confianza en todas las piezas que pueda poner en marcha y que esperamos sean muchas.<br \/>\nHay alguna deficiencia en el sonido, en unas voces en off que igual son demasiado graves, e ininteligibles, o demasiado chirriantes y a vol\u00famenes tan altos como no apropiados. En el apartado de la escenograf\u00eda, no acabamos de entender los pl\u00e1sticos azules que coronan la estancia, que reflejan de manera bastante cutre los focos, la iluminaci\u00f3n a lo largo de toda la obra. El resto de la escenograf\u00eda, el utillaje y la disposici\u00f3n de todos los elementos, incluso la metida con calzador estructura met\u00e1lica a la que suben para ver el movidito panorama exterior, pueden pasar por buenos. Todo esto tiene poca importancia cuando sobre la escena cuatro actrices llegan al p\u00fablico con una naturalidad y un saber hacer m\u00e1s que sobresalientes. Mar\u00eda Galiana durante toda la obra, incluida su vis c\u00f3mica que ejecuta casi sin querer, por mucho que sea m\u00e1s que queriendo; Anna Mayo y Mar\u00eda Roja, que saben medir los textos en el tono y en el tiempo, o en el espacio, queremos decir en los silencios que tanto contribuyen al buen ritmo del drama. La veloz aparici\u00f3n de Nieve de Medina en las escenas finales, son las que acaban cuadrando a la perfecci\u00f3n la obra, y es otra actriz que recorre la escena con un poder\u00edo que es pieza eficaz en este puzle que Elisabeth Larena nos va construyendo pieza a pieza, con el mismo cuidado que ha tenido al escribir unos textos que podr\u00edan parecer paranormales, pero no, son unos textos tan reales como atrevidos, destinados a retratar c\u00f3mo somos y c\u00f3mo hemos sido. Casi nada.<\/p>\n<p>Ler o artigo:<br \/>\n(*A personaxe de In\u00e9s na funci\u00f3n de Huelva foi interpretada por Mar\u00eda Roja, non por Alicia Armenteros):<br \/>\n<a href=\"https:\/\/www.huelva24.com\/cultura\/solo-quiero-irme-francia-20260321112255-nth.html?ref=https%3A%2F%2Fwww.google.com%2F#vca=fixed-btn&amp;vso=rrss&amp;vmc=wh&amp;vli=cultura\">&#8216;Yo s\u00f3lo quiero irme a Francia&#8217;: Tal como somos<\/a><\/p>\n<\/div><\/section><\/p><\/div><div  class='flex_column av-2vb6d4-c8663b086c832dd8ac8eb5d11f7418bd av_one_fifth  avia-builder-el-5  el_after_av_three_fifth  avia-builder-el-last  flex_column_div  '     ><\/div><\/p>\n","protected":false},"excerpt":{"rendered":"","protected":false},"author":2,"featured_media":14532,"comment_status":"closed","ping_status":"closed","sticky":false,"template":"","format":"standard","meta":{"footnotes":""},"categories":[42],"tags":[],"class_list":["post-14655","post","type-post","status-publish","format-standard","has-post-thumbnail","hentry","category-prensa-gl"],"_links":{"self":[{"href":"https:\/\/mariaroja.com\/gl\/wp-json\/wp\/v2\/posts\/14655","targetHints":{"allow":["GET"]}}],"collection":[{"href":"https:\/\/mariaroja.com\/gl\/wp-json\/wp\/v2\/posts"}],"about":[{"href":"https:\/\/mariaroja.com\/gl\/wp-json\/wp\/v2\/types\/post"}],"author":[{"embeddable":true,"href":"https:\/\/mariaroja.com\/gl\/wp-json\/wp\/v2\/users\/2"}],"replies":[{"embeddable":true,"href":"https:\/\/mariaroja.com\/gl\/wp-json\/wp\/v2\/comments?post=14655"}],"version-history":[{"count":1,"href":"https:\/\/mariaroja.com\/gl\/wp-json\/wp\/v2\/posts\/14655\/revisions"}],"predecessor-version":[{"id":14658,"href":"https:\/\/mariaroja.com\/gl\/wp-json\/wp\/v2\/posts\/14655\/revisions\/14658"}],"wp:featuredmedia":[{"embeddable":true,"href":"https:\/\/mariaroja.com\/gl\/wp-json\/wp\/v2\/media\/14532"}],"wp:attachment":[{"href":"https:\/\/mariaroja.com\/gl\/wp-json\/wp\/v2\/media?parent=14655"}],"wp:term":[{"taxonomy":"category","embeddable":true,"href":"https:\/\/mariaroja.com\/gl\/wp-json\/wp\/v2\/categories?post=14655"},{"taxonomy":"post_tag","embeddable":true,"href":"https:\/\/mariaroja.com\/gl\/wp-json\/wp\/v2\/tags?post=14655"}],"curies":[{"name":"wp","href":"https:\/\/api.w.org\/{rel}","templated":true}]}}