{"id":14668,"date":"2026-04-25T22:06:21","date_gmt":"2026-04-25T20:06:21","guid":{"rendered":"https:\/\/mariaroja.com\/yo-solo-quiero-irme-a-francia-genio-y-estampa-de-maria-galiana\/"},"modified":"2026-04-25T22:08:36","modified_gmt":"2026-04-25T20:08:36","slug":"yo-solo-quiero-irme-a-francia-genio-y-estampa-de-maria-galiana","status":"publish","type":"post","link":"https:\/\/mariaroja.com\/gl\/yo-solo-quiero-irme-a-francia-genio-y-estampa-de-maria-galiana\/","title":{"rendered":"\u2018Yo solo quiero irme a Francia\u2019: genio y estampa de Mar\u00eda Galiana"},"content":{"rendered":"<div  class='flex_column av-55l2g8-232800511e5b9d534e828644ca1ce5f2 av_one_fifth  avia-builder-el-0  el_before_av_three_fifth  avia-builder-el-first  first flex_column_div  '     ><\/div>\n<div  class='flex_column av-4m0z88-8756e3aab01096275d9cbc94701c1b83 av_three_fifth  avia-builder-el-1  el_after_av_one_fifth  el_before_av_one_fifth  flex_column_div  '     ><p>\n<style type=\"text\/css\" data-created_by=\"avia_inline_auto\" id=\"style-css-av-lkjg0hfr-622947a3101bb0c354be9b685e53368b\">\n.avia-image-container.av-lkjg0hfr-622947a3101bb0c354be9b685e53368b img.avia_image{\nbox-shadow:none;\n}\n.avia-image-container.av-lkjg0hfr-622947a3101bb0c354be9b685e53368b .av-image-caption-overlay-center{\ncolor:#ffffff;\n}\n<\/style>\n<div  class='avia-image-container av-lkjg0hfr-622947a3101bb0c354be9b685e53368b av-styling- avia-align-center  avia-builder-el-2  el_before_av_hr  avia-builder-el-first '   itemprop=\"image\" itemscope=\"itemscope\" itemtype=\"https:\/\/schema.org\/ImageObject\" ><div class=\"avia-image-container-inner\"><div class=\"avia-image-overlay-wrap\"><img decoding=\"async\" fetchpriority=\"high\" class='wp-image-14664 avia-img-lazy-loading-not-14664 avia_image ' src=\"https:\/\/mariaroja.com\/wp-content\/uploads\/2026\/04\/afrancia.jpg\" alt='' title='afrancia'  height=\"1280\" width=\"1920\"  itemprop=\"thumbnailUrl\" srcset=\"https:\/\/mariaroja.com\/wp-content\/uploads\/2026\/04\/afrancia.jpg 1920w, https:\/\/mariaroja.com\/wp-content\/uploads\/2026\/04\/afrancia-300x200.jpg 300w, https:\/\/mariaroja.com\/wp-content\/uploads\/2026\/04\/afrancia-1030x687.jpg 1030w, https:\/\/mariaroja.com\/wp-content\/uploads\/2026\/04\/afrancia-768x512.jpg 768w, https:\/\/mariaroja.com\/wp-content\/uploads\/2026\/04\/afrancia-1536x1024.jpg 1536w, https:\/\/mariaroja.com\/wp-content\/uploads\/2026\/04\/afrancia-1500x1000.jpg 1500w, https:\/\/mariaroja.com\/wp-content\/uploads\/2026\/04\/afrancia-705x470.jpg 705w\" sizes=\"(max-width: 1920px) 100vw, 1920px\" \/><\/div><\/div><\/div><br \/>\n\n<style type=\"text\/css\" data-created_by=\"avia_inline_auto\" id=\"style-css-av-lo8f3bsd-e2117d2b569b850312ea2fa71174b50c\">\n#top .hr.hr-invisible.av-lo8f3bsd-e2117d2b569b850312ea2fa71174b50c{\nheight:40px;\n}\n<\/style>\n<div  class='hr av-lo8f3bsd-e2117d2b569b850312ea2fa71174b50c hr-invisible  avia-builder-el-3  el_after_av_image  el_before_av_textblock '><span class='hr-inner '><span class=\"hr-inner-style\"><\/span><\/span><\/div><br \/>\n<section  class='av_textblock_section av-lkjfzgsz-cadb7fe869da5ef809f2d14b6b708cb7 '   itemscope=\"itemscope\" itemtype=\"https:\/\/schema.org\/BlogPosting\" itemprop=\"blogPost\" ><div class='avia_textblock'  itemprop=\"text\" ><h3>\u2018Yo solo quiero irme a Francia\u2019: genio y estampa de Mar\u00eda Galiana<\/h3>\n<p><strong>Cr\u00edtica de Javier Vallejo para Babelia (El Pa\u00eds)<\/strong><\/p>\n<p><em>Un afinado cuarteto femenino, encabezado por la actriz andaluza, escenifica en el Teatro Pav\u00f3n la opera prima de Elisabeth Larena sobre la traici\u00f3n en la amistad y en la familia.<\/em><\/p>\n<p>Cuando dejan asuntos pendientes, los muertos suelen quedarse un tiempo entre los vivos. Pilar, el personaje que encarna Mar\u00eda Galiana en <em>Yo solo quiero irme a Francia<\/em>, acaba de fallecer. A su velatorio no asisten m\u00e1s que dos mujeres j\u00f3venes. Una es su nieta, a la que dio mala vida, la otra no tiene ni idea de quien pueda ser: \u201cA esa, yo no la conozco\u201d, le dice al p\u00fablico la fallecida. A punto de cumplir 91 a\u00f1os, Galiana prologa la funci\u00f3n con una organicidad que, pocos minutos despu\u00e9s de comenzar, arranc\u00f3 en el Teatro Municipal de Coslada, donde la vi, un aplauso preliminar de coraz\u00f3n. Desde que se estrenara el oto\u00f1o pasado en Avil\u00e9s, la opera prima de Elisabeth Larena, que el 29 de abril comienza temporada en Madrid (Teatro Pav\u00f3n), ha llenado all\u00e1 donde fue.<br \/>\n<em>Yo solo quiero irme a Francia<\/em> es un thriller del alma, en cuyo transcurso se va deshaciendo una madeja de traiciones sobrevenidas y de secretos familiares celosamente custodiados. En sus \u00faltimos d\u00edas, Pilar, cuyo silencio caus\u00f3 mucho dolor, lo ha dejado todo dispuesto de modo que pueda enderezarse a t\u00edtulo p\u00f3stumo lo que las circunstancias personales y la torpeza colectiva torcieron en su d\u00eda. Por eso dict\u00f3 el ins\u00f3lito testamento que trae bajo el brazo In\u00e9s, la joven desconocida e impertinente.<br \/>\nLarena teje una intriga plausible en torno a la lucha de las protagonistas por liberarse de su penosa herencia emocional. Su obra transcurre en dos planos. In\u00e9s y Leo, la atribulada nieta de Pilar, est\u00e1n vivas. La abuela y Marisol, su hija, fallecidas, deambulan entre ambas j\u00f3venes, que no se aperciben de su presencia. Tampoco lo que las dos mayores dicen lo escuchan las mozas. Simb\u00f3licamente, en este cuarteto femenino, Nieve de Medina ser\u00eda la voz aguda, pues quiere ponerlo todo en claro. A Anna Mayo le cabe el papel de contralto, porque Leo, su personaje, es la gravedad personificada. La inspirada In\u00e9s de Mar\u00eda Roja hace las veces de tiple c\u00f3mica, que con divertido desenfado intenta quitarle hierro al asunto. Y Pilar ser\u00eda la mezzo, en su intento postrero de mediar y conciliar, orientado a ganarse el descanso eterno. Encarn\u00e1ndola, Galiana ofrece una lecci\u00f3n de vida. La funci\u00f3n, compleja pero contada con naturalidad, resulta agradecida: gust\u00f3 con raz\u00f3n.<\/p>\n<p>Leer la cr\u00edtica:<br \/>\n<a href=\"https:\/\/elpais.com\/babelia\/2026-04-24\/yo-solo-quiero-irme-a-francia-genio-y-estampa-de-maria-galiana.html\">\u2018Yo solo quiero irme a Francia\u2019: genio y estampa de Mar\u00eda Galiana<\/a><\/p>\n<\/div><\/section><\/p><\/div><div  class='flex_column av-2vb6d4-c8663b086c832dd8ac8eb5d11f7418bd av_one_fifth  avia-builder-el-5  el_after_av_three_fifth  avia-builder-el-last  flex_column_div  '     ><\/div><\/p>\n","protected":false},"excerpt":{"rendered":"","protected":false},"author":1,"featured_media":14664,"comment_status":"closed","ping_status":"closed","sticky":false,"template":"","format":"standard","meta":{"footnotes":""},"categories":[42],"tags":[],"class_list":["post-14668","post","type-post","status-publish","format-standard","has-post-thumbnail","hentry","category-prensa-gl"],"_links":{"self":[{"href":"https:\/\/mariaroja.com\/gl\/wp-json\/wp\/v2\/posts\/14668","targetHints":{"allow":["GET"]}}],"collection":[{"href":"https:\/\/mariaroja.com\/gl\/wp-json\/wp\/v2\/posts"}],"about":[{"href":"https:\/\/mariaroja.com\/gl\/wp-json\/wp\/v2\/types\/post"}],"author":[{"embeddable":true,"href":"https:\/\/mariaroja.com\/gl\/wp-json\/wp\/v2\/users\/1"}],"replies":[{"embeddable":true,"href":"https:\/\/mariaroja.com\/gl\/wp-json\/wp\/v2\/comments?post=14668"}],"version-history":[{"count":1,"href":"https:\/\/mariaroja.com\/gl\/wp-json\/wp\/v2\/posts\/14668\/revisions"}],"predecessor-version":[{"id":14669,"href":"https:\/\/mariaroja.com\/gl\/wp-json\/wp\/v2\/posts\/14668\/revisions\/14669"}],"wp:featuredmedia":[{"embeddable":true,"href":"https:\/\/mariaroja.com\/gl\/wp-json\/wp\/v2\/media\/14664"}],"wp:attachment":[{"href":"https:\/\/mariaroja.com\/gl\/wp-json\/wp\/v2\/media?parent=14668"}],"wp:term":[{"taxonomy":"category","embeddable":true,"href":"https:\/\/mariaroja.com\/gl\/wp-json\/wp\/v2\/categories?post=14668"},{"taxonomy":"post_tag","embeddable":true,"href":"https:\/\/mariaroja.com\/gl\/wp-json\/wp\/v2\/tags?post=14668"}],"curies":[{"name":"wp","href":"https:\/\/api.w.org\/{rel}","templated":true}]}}