{"id":8587,"date":"2021-10-04T08:56:22","date_gmt":"2021-10-04T06:56:22","guid":{"rendered":"https:\/\/mariaroja.com\/ares-innova-2021\/"},"modified":"2021-10-04T08:56:22","modified_gmt":"2021-10-04T06:56:22","slug":"ares-innova-2021","status":"publish","type":"post","link":"https:\/\/mariaroja.com\/gl\/ares-innova-2021\/","title":{"rendered":"Ares Innova 2021"},"content":{"rendered":"<div  class='flex_column av-av_one_fifth-692a56cb27b4036f41891925b87c1c70 av_one_fifth  avia-builder-el-0  el_before_av_three_fifth  avia-builder-el-first  first flex_column_div  '     ><\/div>\n<div  class='flex_column av-av_three_fifth-7bd3f5cd863a6256abcb544d7c276d96 av_three_fifth  avia-builder-el-1  el_after_av_one_fifth  el_before_av_one_fifth  flex_column_div  '     ><section  class='av_textblock_section av-lnlefem7-ace2460b1086552965a06a5deb707ae2 '   itemscope=\"itemscope\" itemtype=\"https:\/\/schema.org\/BlogPosting\" itemprop=\"blogPost\" ><div class='avia_textblock'  itemprop=\"text\" ><h3>Ares Innova 2021<\/h3>\n<p><strong>O Festival de Innovaci\u00f3n Social programa unha peza de Mar\u00eda Roja<\/strong><\/p>\n<p>Festival de Innovaci\u00f3n Social: Ares Innova 2021<br \/>\n1, 2 e 9 de outubro de 2021<br \/>\nConcello de Ares (A Coru\u00f1a)<\/p>\n<p>A Axencia Galega de Innovaci\u00f3n (Gain) organiza os d\u00edas 1, 2 e 9 de outubro o Festival de Innovaci\u00f3n Social: Ares Innova 2021. Este evento aberto \u00e1 cidadan\u00eda ter\u00e1 lugar no marco da Estratexia de Especializaci\u00f3n Intelixente (RIS3) de Galicia e do Programa de Dese\u00f1o para a Innovaci\u00f3n e a Sustentabilidade 2024 \u2013 DIFERENZA.<br \/>\nAs localidades de Montefaro, Redes e Ares ser\u00e1n o escenario deste gran festival, que busca achegar a cultura da innovaci\u00f3n social a p\u00fablicos de todas as idades.<br \/>\nAs actividades do evento combinan dese\u00f1o, arte, cultura e innovaci\u00f3n nun ambiente distendido. Nel priorizarase a reflexi\u00f3n compartida para avanzar, mediante novos enfoques, no desenvolvemento sostible baseado na especializaci\u00f3n intelixente.<\/p>\n<p>Dentro da programaci\u00f3n, o s\u00e1bado 9 de outubro, na Praza da Constituci\u00f3n de Ares, ter\u00e1 lugar a instalaci\u00f3n performativa Meminiss-e da artista Mar\u00eda Roja.<\/p>\n<p>Programa completo do evento:<br \/>\n<a href=\"http:\/\/gain.xunta.gal\/repo\/2-Programa_Ares_GAL.pdf\" target=\"_blank\" rel=\"noopener\">http:\/\/gain.xunta.gal\/repo\/2-Programa_Ares_GAL.pdf<\/a><\/p>\n<\/div><\/section><br \/>\n\n<style type=\"text\/css\" data-created_by=\"avia_inline_auto\" id=\"style-css-av-av_hr-65bd92347fddc685eba247be6d5a9a45\">\n#top .hr.hr-invisible.av-av_hr-65bd92347fddc685eba247be6d5a9a45{\nheight:40px;\n}\n<\/style>\n<div  class='hr av-av_hr-65bd92347fddc685eba247be6d5a9a45 hr-invisible  avia-builder-el-3  el_after_av_textblock  el_before_av_image '><span class='hr-inner '><span class=\"hr-inner-style\"><\/span><\/span><\/div><br \/>\n\n<style type=\"text\/css\" data-created_by=\"avia_inline_auto\" id=\"style-css-av-lnleh66v-750c0e65525f9165d9dbdd4b8a9e1e27\">\n.avia-image-container.av-lnleh66v-750c0e65525f9165d9dbdd4b8a9e1e27 img.avia_image{\nbox-shadow:none;\n}\n.avia-image-container.av-lnleh66v-750c0e65525f9165d9dbdd4b8a9e1e27 .av-image-caption-overlay-center{\ncolor:#ffffff;\n}\n<\/style>\n<div  class='avia-image-container av-lnleh66v-750c0e65525f9165d9dbdd4b8a9e1e27 av-styling- avia-align-center  avia-builder-el-4  el_after_av_hr  avia-builder-el-last '   itemprop=\"image\" itemscope=\"itemscope\" itemtype=\"https:\/\/schema.org\/ImageObject\" ><div class=\"avia-image-container-inner\"><div class=\"avia-image-overlay-wrap\"><img decoding=\"async\" fetchpriority=\"high\" class='wp-image-6468 avia-img-lazy-loading-not-6468 avia_image ' src=\"https:\/\/mariaroja.com\/wp-content\/uploads\/2023\/10\/ares-innova-2021.jpg\" alt='' title='ares-innova-2021'  height=\"364\" width=\"690\"  itemprop=\"thumbnailUrl\" srcset=\"https:\/\/mariaroja.com\/wp-content\/uploads\/2023\/10\/ares-innova-2021.jpg 690w, https:\/\/mariaroja.com\/wp-content\/uploads\/2023\/10\/ares-innova-2021-300x158.jpg 300w\" sizes=\"(max-width: 690px) 100vw, 690px\" \/><\/div><\/div><\/div><\/p><\/div><div  class='flex_column av-av_one_fifth-7bd3f5cd863a6256abcb544d7c276d96 av_one_fifth  avia-builder-el-5  el_after_av_three_fifth  avia-builder-el-last  flex_column_div  '     ><\/div><\/p>\n","protected":false},"excerpt":{"rendered":"","protected":false},"author":3,"featured_media":6468,"comment_status":"closed","ping_status":"closed","sticky":false,"template":"","format":"standard","meta":{"footnotes":""},"categories":[41],"tags":[],"class_list":["post-8587","post","type-post","status-publish","format-standard","has-post-thumbnail","hentry","category-novas-gl"],"_links":{"self":[{"href":"https:\/\/mariaroja.com\/gl\/wp-json\/wp\/v2\/posts\/8587","targetHints":{"allow":["GET"]}}],"collection":[{"href":"https:\/\/mariaroja.com\/gl\/wp-json\/wp\/v2\/posts"}],"about":[{"href":"https:\/\/mariaroja.com\/gl\/wp-json\/wp\/v2\/types\/post"}],"author":[{"embeddable":true,"href":"https:\/\/mariaroja.com\/gl\/wp-json\/wp\/v2\/users\/3"}],"replies":[{"embeddable":true,"href":"https:\/\/mariaroja.com\/gl\/wp-json\/wp\/v2\/comments?post=8587"}],"version-history":[{"count":0,"href":"https:\/\/mariaroja.com\/gl\/wp-json\/wp\/v2\/posts\/8587\/revisions"}],"wp:featuredmedia":[{"embeddable":true,"href":"https:\/\/mariaroja.com\/gl\/wp-json\/wp\/v2\/media\/6468"}],"wp:attachment":[{"href":"https:\/\/mariaroja.com\/gl\/wp-json\/wp\/v2\/media?parent=8587"}],"wp:term":[{"taxonomy":"category","embeddable":true,"href":"https:\/\/mariaroja.com\/gl\/wp-json\/wp\/v2\/categories?post=8587"},{"taxonomy":"post_tag","embeddable":true,"href":"https:\/\/mariaroja.com\/gl\/wp-json\/wp\/v2\/tags?post=8587"}],"curies":[{"name":"wp","href":"https:\/\/api.w.org\/{rel}","templated":true}]}}