{"id":8689,"date":"2020-08-08T16:33:00","date_gmt":"2020-08-08T14:33:00","guid":{"rendered":"https:\/\/mariaroja.com\/plataforma\/"},"modified":"2020-08-08T16:33:00","modified_gmt":"2020-08-08T14:33:00","slug":"plataforma","status":"publish","type":"post","link":"https:\/\/mariaroja.com\/gl\/plataforma\/","title":{"rendered":"PLATAFORMA"},"content":{"rendered":"<div  class='flex_column av-av_one_fifth-692a56cb27b4036f41891925b87c1c70 av_one_fifth  avia-builder-el-0  el_before_av_three_fifth  avia-builder-el-first  first flex_column_div  '     ><\/div>\n<div  class='flex_column av-av_three_fifth-7bd3f5cd863a6256abcb544d7c276d96 av_three_fifth  avia-builder-el-1  el_after_av_one_fifth  el_before_av_one_fifth  flex_column_div  '     ><section  class='av_textblock_section av-lnkfcbyw-75319fb029214d80a162ac5e936ec844 '   itemscope=\"itemscope\" itemtype=\"https:\/\/schema.org\/BlogPosting\" itemprop=\"blogPost\" ><div class='avia_textblock'  itemprop=\"text\" ><h3>PLATAFORMA<\/h3>\n<p><strong>Mar\u00eda Roja no Festival de artes performativas<\/strong><\/p>\n<p>Plataforma \u00e9 un proxecto que quere tender pontes entre as artes visuais e as artes vivas, as artes esc\u00e9nicas, a literatura, a arquitectura e o dese\u00f1o, convidando a reflexionar sobre o espazo p\u00fablico e integrando servizos e instituci\u00f3ns da cidade para actuar como motor para o desenvolvemento e a cohesi\u00f3n social.<br \/>\nPlataforma \u00e9 un festival de cidade, transversal, comprometido co urbanismo e a riqueza patrimonial material e inmaterial de Compostela, coa s\u00faa diversidade, coa igualdade, coa ecolox\u00eda, coa tradici\u00f3n e coa innovaci\u00f3n cultural, convencidos de que \u00e9 dende a creatividade dende onde podemos constru\u00edr un futuro m\u00e1is amable e responsable.<br \/>\nPlataforma \u00e9 un festival ideal para este momento de restruturaci\u00f3n cultural, pola s\u00faa transversalidade e a descentralizaci\u00f3n das s\u00faas localizaci\u00f3ns, pola s\u00faa escala, pola s\u00faa programaci\u00f3n pensada para espazos singulares, pola posibilidade de seguir con facilidade os debidos protocolos de sustentabilidade e de seguranza para a sa\u00fade nas s\u00faas acci\u00f3ns e propostas.<\/p>\n<p>A programaci\u00f3n de Plataforma acolle a presentaci\u00f3n da acci\u00f3n de Mar\u00eda Roja titulada &#8220;Doorkijkje. 7 miradas para 12 puntos de vista&#8221;, realizada ex profeso arredor da exposici\u00f3n de Christian Garc\u00eda Bello &#8220;Pongo mi pie desnudo en el umbral&#8221;.<br \/>\nEsta ter\u00e1 lugar o xoves 17 de setembro na Fundaci\u00f3n Didac, con dous pases \u00e1s 18 e 19 horas respectivamente. O aforo estar\u00e1 limitado e as entradas poden adquirirse no seguinte enlace:<br \/>\n<a href=\"https:\/\/plataforma.gal\/programa\/maria-roja\/\" target=\"_blank\" rel=\"noopener\">https:\/\/plataforma.gal\/programa\/maria-roja\/<\/a><\/p>\n<p>+info:<br \/>\n<a href=\"http:\/\/plataforma.gal\/\" target=\"_blank\" rel=\"noopener\">http:\/\/plataforma.gal\/<\/a><br \/>\n<a href=\"https:\/\/www.facebook.com\/plataforma.gal\" target=\"_blank\" rel=\"noopener\">https:\/\/www.facebook.com\/plataforma.gal<\/a><br \/>\n<a href=\"https:\/\/www.instagram.com\/plataforma_festival\/\" target=\"_blank\" rel=\"noopener\">https:\/\/www.instagram.com\/plataforma_festival\/<\/a><\/p>\n<\/div><\/section><br \/>\n\n<style type=\"text\/css\" data-created_by=\"avia_inline_auto\" id=\"style-css-av-av_hr-65bd92347fddc685eba247be6d5a9a45\">\n#top .hr.hr-invisible.av-av_hr-65bd92347fddc685eba247be6d5a9a45{\nheight:40px;\n}\n<\/style>\n<div  class='hr av-av_hr-65bd92347fddc685eba247be6d5a9a45 hr-invisible  avia-builder-el-3  el_after_av_textblock  el_before_av_image '><span class='hr-inner '><span class=\"hr-inner-style\"><\/span><\/span><\/div><br \/>\n\n<style type=\"text\/css\" data-created_by=\"avia_inline_auto\" id=\"style-css-av-lnkffy76-d907f64b65ab6362b60d9583d90e0860\">\n.avia-image-container.av-lnkffy76-d907f64b65ab6362b60d9583d90e0860 img.avia_image{\nbox-shadow:none;\n}\n.avia-image-container.av-lnkffy76-d907f64b65ab6362b60d9583d90e0860 .av-image-caption-overlay-center{\ncolor:#ffffff;\n}\n<\/style>\n<div  class='avia-image-container av-lnkffy76-d907f64b65ab6362b60d9583d90e0860 av-styling- avia-align-center  avia-builder-el-4  el_after_av_hr  el_before_av_hr '   itemprop=\"image\" itemscope=\"itemscope\" itemtype=\"https:\/\/schema.org\/ImageObject\" ><div class=\"avia-image-container-inner\"><div class=\"avia-image-overlay-wrap\"><img decoding=\"async\" fetchpriority=\"high\" class='wp-image-6043 avia-img-lazy-loading-not-6043 avia_image ' src=\"https:\/\/mariaroja.com\/wp-content\/uploads\/2023\/10\/plataforma-1.jpg\" alt='' title='plataforma-1'  height=\"800\" width=\"575\"  itemprop=\"thumbnailUrl\" srcset=\"https:\/\/mariaroja.com\/wp-content\/uploads\/2023\/10\/plataforma-1.jpg 575w, https:\/\/mariaroja.com\/wp-content\/uploads\/2023\/10\/plataforma-1-216x300.jpg 216w, https:\/\/mariaroja.com\/wp-content\/uploads\/2023\/10\/plataforma-1-507x705.jpg 507w\" sizes=\"(max-width: 575px) 100vw, 575px\" \/><\/div><\/div><\/div><br \/>\n\n<style type=\"text\/css\" data-created_by=\"avia_inline_auto\" id=\"style-css-av-av_hr-65bd92347fddc685eba247be6d5a9a45\">\n#top .hr.hr-invisible.av-av_hr-65bd92347fddc685eba247be6d5a9a45{\nheight:40px;\n}\n<\/style>\n<div  class='hr av-av_hr-65bd92347fddc685eba247be6d5a9a45 hr-invisible  avia-builder-el-5  el_after_av_image  el_before_av_image '><span class='hr-inner '><span class=\"hr-inner-style\"><\/span><\/span><\/div><br \/>\n\n<style type=\"text\/css\" data-created_by=\"avia_inline_auto\" id=\"style-css-av-lnkfga62-72893a012a239d3efe292af9f27470b5\">\n.avia-image-container.av-lnkfga62-72893a012a239d3efe292af9f27470b5 img.avia_image{\nbox-shadow:none;\n}\n.avia-image-container.av-lnkfga62-72893a012a239d3efe292af9f27470b5 .av-image-caption-overlay-center{\ncolor:#ffffff;\n}\n<\/style>\n<div  class='avia-image-container av-lnkfga62-72893a012a239d3efe292af9f27470b5 av-styling- avia-align-center  avia-builder-el-6  el_after_av_hr  avia-builder-el-last '   itemprop=\"image\" itemscope=\"itemscope\" itemtype=\"https:\/\/schema.org\/ImageObject\" ><div class=\"avia-image-container-inner\"><div class=\"avia-image-overlay-wrap\"><img decoding=\"async\" fetchpriority=\"high\" class='wp-image-6046 avia-img-lazy-loading-not-6046 avia_image ' src=\"https:\/\/mariaroja.com\/wp-content\/uploads\/2023\/10\/plataforma-2.jpg\" alt='' title='plataforma-2'  height=\"345\" width=\"690\"  itemprop=\"thumbnailUrl\" srcset=\"https:\/\/mariaroja.com\/wp-content\/uploads\/2023\/10\/plataforma-2.jpg 690w, https:\/\/mariaroja.com\/wp-content\/uploads\/2023\/10\/plataforma-2-300x150.jpg 300w\" sizes=\"(max-width: 690px) 100vw, 690px\" \/><\/div><\/div><\/div><\/p><\/div><div  class='flex_column av-av_one_fifth-7bd3f5cd863a6256abcb544d7c276d96 av_one_fifth  avia-builder-el-7  el_after_av_three_fifth  avia-builder-el-last  flex_column_div  '     ><\/div><\/p>\n","protected":false},"excerpt":{"rendered":"","protected":false},"author":3,"featured_media":6043,"comment_status":"closed","ping_status":"closed","sticky":false,"template":"","format":"standard","meta":{"footnotes":""},"categories":[41],"tags":[],"class_list":["post-8689","post","type-post","status-publish","format-standard","has-post-thumbnail","hentry","category-novas-gl"],"_links":{"self":[{"href":"https:\/\/mariaroja.com\/gl\/wp-json\/wp\/v2\/posts\/8689","targetHints":{"allow":["GET"]}}],"collection":[{"href":"https:\/\/mariaroja.com\/gl\/wp-json\/wp\/v2\/posts"}],"about":[{"href":"https:\/\/mariaroja.com\/gl\/wp-json\/wp\/v2\/types\/post"}],"author":[{"embeddable":true,"href":"https:\/\/mariaroja.com\/gl\/wp-json\/wp\/v2\/users\/3"}],"replies":[{"embeddable":true,"href":"https:\/\/mariaroja.com\/gl\/wp-json\/wp\/v2\/comments?post=8689"}],"version-history":[{"count":0,"href":"https:\/\/mariaroja.com\/gl\/wp-json\/wp\/v2\/posts\/8689\/revisions"}],"wp:featuredmedia":[{"embeddable":true,"href":"https:\/\/mariaroja.com\/gl\/wp-json\/wp\/v2\/media\/6043"}],"wp:attachment":[{"href":"https:\/\/mariaroja.com\/gl\/wp-json\/wp\/v2\/media?parent=8689"}],"wp:term":[{"taxonomy":"category","embeddable":true,"href":"https:\/\/mariaroja.com\/gl\/wp-json\/wp\/v2\/categories?post=8689"},{"taxonomy":"post_tag","embeddable":true,"href":"https:\/\/mariaroja.com\/gl\/wp-json\/wp\/v2\/tags?post=8689"}],"curies":[{"name":"wp","href":"https:\/\/api.w.org\/{rel}","templated":true}]}}