{"id":8726,"date":"2019-10-22T14:20:52","date_gmt":"2019-10-22T12:20:52","guid":{"rendered":"https:\/\/mariaroja.com\/ii-festival-cultura-de-fronteira\/"},"modified":"2019-10-22T14:20:52","modified_gmt":"2019-10-22T12:20:52","slug":"ii-festival-cultura-de-fronteira","status":"publish","type":"post","link":"https:\/\/mariaroja.com\/gl\/ii-festival-cultura-de-fronteira\/","title":{"rendered":"II Festival Cultura de Fronteira"},"content":{"rendered":"<div  class='flex_column av-av_one_fifth-692a56cb27b4036f41891925b87c1c70 av_one_fifth  avia-builder-el-0  el_before_av_three_fifth  avia-builder-el-first  first flex_column_div  '     ><\/div>\n<div  class='flex_column av-av_three_fifth-7bd3f5cd863a6256abcb544d7c276d96 av_three_fifth  avia-builder-el-1  el_after_av_one_fifth  el_before_av_one_fifth  flex_column_div  '     ><section  class='av_textblock_section av-lnkamk5h-fd5f6d9ee9ec4804ea7da221fe1f63ef '   itemscope=\"itemscope\" itemtype=\"https:\/\/schema.org\/BlogPosting\" itemprop=\"blogPost\" ><div class='avia_textblock'  itemprop=\"text\" ><h3>II Festival Cultura de Fronteira<\/h3>\n<p><strong>A programaci\u00f3n incl\u00fae unha videoperformance de Mar\u00eda Roja e Bego\u00f1a Cuquejo<\/strong><\/p>\n<p>II Festival Cultura de Fronteira<br \/>\nCuerpo urbano en Acci\u00f3n #6<br \/>\nUniversidade Federal da Fronteira Sul. Erechim, Rio Grande do Sul, Brasil<br \/>\nComisarias: Marion Velasco e Marcela Maciel<br \/>\n21\/10\/2019 \u2014&gt; 25\/10\/2019<\/p>\n<p>+info:<br \/>\n<a href=\"https:\/\/www.uffs.edu.br\/institucional\/pro-reitorias\/extensao-e-cultura\/festival-cultura-de-fronteira\/festival-cultura-de-fronteira\" target=\"_blank\" rel=\"noopener\">https:\/\/www.uffs.edu.br\/institucional\/pro-reitorias\/extensao-e-cultura\/festival-cultura-de-fronteira\/festival-cultura-de-fronteira<\/a><br \/>\n<a href=\"https:\/\/urbanbodyinaction.wixsite.com\/urbanbodyinaction\" target=\"_blank\" rel=\"noopener\">https:\/\/urbanbodyinaction.wixsite.com\/urbanbodyinaction<\/a><\/p>\n<\/div><\/section><br \/>\n\n<style type=\"text\/css\" data-created_by=\"avia_inline_auto\" id=\"style-css-av-av_hr-65bd92347fddc685eba247be6d5a9a45\">\n#top .hr.hr-invisible.av-av_hr-65bd92347fddc685eba247be6d5a9a45{\nheight:40px;\n}\n<\/style>\n<div  class='hr av-av_hr-65bd92347fddc685eba247be6d5a9a45 hr-invisible  avia-builder-el-3  el_after_av_textblock  el_before_av_image '><span class='hr-inner '><span class=\"hr-inner-style\"><\/span><\/span><\/div><br \/>\n\n<style type=\"text\/css\" data-created_by=\"avia_inline_auto\" id=\"style-css-av-lnkaoj8e-84d63b646e85e1874a7ec554af984f0d\">\n.avia-image-container.av-lnkaoj8e-84d63b646e85e1874a7ec554af984f0d img.avia_image{\nbox-shadow:none;\n}\n.avia-image-container.av-lnkaoj8e-84d63b646e85e1874a7ec554af984f0d .av-image-caption-overlay-center{\ncolor:#ffffff;\n}\n<\/style>\n<div  class='avia-image-container av-lnkaoj8e-84d63b646e85e1874a7ec554af984f0d av-styling- avia-align-center  avia-builder-el-4  el_after_av_hr  avia-builder-el-last '   itemprop=\"image\" itemscope=\"itemscope\" itemtype=\"https:\/\/schema.org\/ImageObject\" ><div class=\"avia-image-container-inner\"><div class=\"avia-image-overlay-wrap\"><img decoding=\"async\" fetchpriority=\"high\" class='wp-image-5828 avia-img-lazy-loading-not-5828 avia_image ' src=\"https:\/\/mariaroja.com\/wp-content\/uploads\/2023\/10\/festival-cultura-fronteira.jpg\" alt='' title='festival-cultura-fronteira'  height=\"616\" width=\"690\"  itemprop=\"thumbnailUrl\" srcset=\"https:\/\/mariaroja.com\/wp-content\/uploads\/2023\/10\/festival-cultura-fronteira.jpg 690w, https:\/\/mariaroja.com\/wp-content\/uploads\/2023\/10\/festival-cultura-fronteira-300x268.jpg 300w\" sizes=\"(max-width: 690px) 100vw, 690px\" \/><\/div><\/div><\/div><\/p><\/div><div  class='flex_column av-av_one_fifth-7bd3f5cd863a6256abcb544d7c276d96 av_one_fifth  avia-builder-el-5  el_after_av_three_fifth  avia-builder-el-last  flex_column_div  '     ><\/div><\/p>\n","protected":false},"excerpt":{"rendered":"","protected":false},"author":3,"featured_media":0,"comment_status":"closed","ping_status":"closed","sticky":false,"template":"","format":"standard","meta":{"footnotes":""},"categories":[41],"tags":[],"class_list":["post-8726","post","type-post","status-publish","format-standard","hentry","category-novas-gl"],"_links":{"self":[{"href":"https:\/\/mariaroja.com\/gl\/wp-json\/wp\/v2\/posts\/8726","targetHints":{"allow":["GET"]}}],"collection":[{"href":"https:\/\/mariaroja.com\/gl\/wp-json\/wp\/v2\/posts"}],"about":[{"href":"https:\/\/mariaroja.com\/gl\/wp-json\/wp\/v2\/types\/post"}],"author":[{"embeddable":true,"href":"https:\/\/mariaroja.com\/gl\/wp-json\/wp\/v2\/users\/3"}],"replies":[{"embeddable":true,"href":"https:\/\/mariaroja.com\/gl\/wp-json\/wp\/v2\/comments?post=8726"}],"version-history":[{"count":0,"href":"https:\/\/mariaroja.com\/gl\/wp-json\/wp\/v2\/posts\/8726\/revisions"}],"wp:attachment":[{"href":"https:\/\/mariaroja.com\/gl\/wp-json\/wp\/v2\/media?parent=8726"}],"wp:term":[{"taxonomy":"category","embeddable":true,"href":"https:\/\/mariaroja.com\/gl\/wp-json\/wp\/v2\/categories?post=8726"},{"taxonomy":"post_tag","embeddable":true,"href":"https:\/\/mariaroja.com\/gl\/wp-json\/wp\/v2\/tags?post=8726"}],"curies":[{"name":"wp","href":"https:\/\/api.w.org\/{rel}","templated":true}]}}