{"id":8775,"date":"2017-10-17T13:05:34","date_gmt":"2017-10-17T11:05:34","guid":{"rendered":"https:\/\/mariaroja.com\/assamble\/"},"modified":"2017-10-17T13:05:34","modified_gmt":"2017-10-17T11:05:34","slug":"assamble","status":"publish","type":"post","link":"https:\/\/mariaroja.com\/gl\/assamble\/","title":{"rendered":"Assambl\u00e9"},"content":{"rendered":"<div  class='flex_column av-av_one_fifth-692a56cb27b4036f41891925b87c1c70 av_one_fifth  avia-builder-el-0  el_before_av_three_fifth  avia-builder-el-first  first flex_column_div  '     ><\/div>\n<div  class='flex_column av-av_three_fifth-7bd3f5cd863a6256abcb544d7c276d96 av_three_fifth  avia-builder-el-1  el_after_av_one_fifth  el_before_av_one_fifth  flex_column_div  '     ><section  class='av_textblock_section av-lnk7w8oo-bc9f4a39fc29d3c1b22d16577d30b586 '   itemscope=\"itemscope\" itemtype=\"https:\/\/schema.org\/BlogPosting\" itemprop=\"blogPost\" ><div class='avia_textblock'  itemprop=\"text\" ><h3>Assambl\u00e9<\/h3>\n<p><strong>Encontro con Mar\u00eda Roja no Conservatorio de danza<\/strong><\/p>\n<p>No proxecto Assambl\u00e9, en colaboraci\u00f3n coa Deputaci\u00f3n Provincial La Coru\u00f1a achegamos ao alumnado do Conservatorio de Danza da Coru\u00f1a a creaci\u00f3n contempor\u00e1nea e o proceso creativo.<br \/>\nAdemais da creaci\u00f3n dunha peza pilotada polo artista Alexis Fern\u00e1ndez &#8211; Maca, propo\u00f1emos encontros con profesion\u00e1is das artes vivas que poidan trasladar distintas ramas da creacio\u0301n arti\u0301stica que orbitan arredor da creacio\u0301n esce\u0301nica, como por exemplo a dramaturxia, o desen\u0303o de iluminacio\u0301n, a escenografi\u0301a, o espacio sonoro&#8230; transmitindo as mu\u0301ltiples vertentes arti\u0301sticas que arroupan a creacio\u0301n coreogra\u0301fica.<br \/>\nTemos a sorte de comezar con Mar\u00eda Roja, unha creadora galega, artista visual, performer e actriz. O seu traballo bebe das Belas Artes, do teatro e da danza dando lugar o seu universo creativo nos eidos das artes esc\u00e9nicas e visuais. Un encontro con Mar\u00eda Roja \u00e9 un espazo onde co\u00f1ecer a esta artista e as s\u00faas claves a hora de abordar o proceso creativo.<br \/>\nEste encontro est\u00e1 aberto a todas as persoas interesadas, se queredes achegarvos soamente tedes que escribir ao mail trcdanza@gmail.com<\/p>\n<p>+info:<br \/>\n<a href=\"https:\/\/www.pe-trcdanza.gal\/\" target=\"_blank\" rel=\"noopener\">https:\/\/www.pe-trcdanza.gal\/<\/a><\/p>\n<\/div><\/section><br \/>\n\n<style type=\"text\/css\" data-created_by=\"avia_inline_auto\" id=\"style-css-av-av_hr-65bd92347fddc685eba247be6d5a9a45\">\n#top .hr.hr-invisible.av-av_hr-65bd92347fddc685eba247be6d5a9a45{\nheight:40px;\n}\n<\/style>\n<div  class='hr av-av_hr-65bd92347fddc685eba247be6d5a9a45 hr-invisible  avia-builder-el-3  el_after_av_textblock  el_before_av_image '><span class='hr-inner '><span class=\"hr-inner-style\"><\/span><\/span><\/div><br \/>\n\n<style type=\"text\/css\" data-created_by=\"avia_inline_auto\" id=\"style-css-av-lnk7xw8v-04c5af3e0e0e6478111adabe776ca098\">\n.avia-image-container.av-lnk7xw8v-04c5af3e0e0e6478111adabe776ca098 img.avia_image{\nbox-shadow:none;\n}\n.avia-image-container.av-lnk7xw8v-04c5af3e0e0e6478111adabe776ca098 .av-image-caption-overlay-center{\ncolor:#ffffff;\n}\n<\/style>\n<div  class='avia-image-container av-lnk7xw8v-04c5af3e0e0e6478111adabe776ca098 av-styling- avia-align-center  avia-builder-el-4  el_after_av_hr  avia-builder-el-last '   itemprop=\"image\" itemscope=\"itemscope\" itemtype=\"https:\/\/schema.org\/ImageObject\" ><div class=\"avia-image-container-inner\"><div class=\"avia-image-overlay-wrap\"><img decoding=\"async\" fetchpriority=\"high\" class='wp-image-5702 avia-img-lazy-loading-not-5702 avia_image ' src=\"https:\/\/mariaroja.com\/wp-content\/uploads\/2023\/10\/assamble.jpg\" alt='' title='assamble'  height=\"486\" width=\"690\"  itemprop=\"thumbnailUrl\" srcset=\"https:\/\/mariaroja.com\/wp-content\/uploads\/2023\/10\/assamble.jpg 690w, https:\/\/mariaroja.com\/wp-content\/uploads\/2023\/10\/assamble-300x211.jpg 300w\" sizes=\"(max-width: 690px) 100vw, 690px\" \/><\/div><\/div><\/div><\/p><\/div><div  class='flex_column av-av_one_fifth-7bd3f5cd863a6256abcb544d7c276d96 av_one_fifth  avia-builder-el-5  el_after_av_three_fifth  avia-builder-el-last  flex_column_div  '     ><\/div><\/p>\n","protected":false},"excerpt":{"rendered":"","protected":false},"author":3,"featured_media":5702,"comment_status":"closed","ping_status":"closed","sticky":false,"template":"","format":"standard","meta":{"footnotes":""},"categories":[41],"tags":[],"class_list":["post-8775","post","type-post","status-publish","format-standard","has-post-thumbnail","hentry","category-novas-gl"],"_links":{"self":[{"href":"https:\/\/mariaroja.com\/gl\/wp-json\/wp\/v2\/posts\/8775","targetHints":{"allow":["GET"]}}],"collection":[{"href":"https:\/\/mariaroja.com\/gl\/wp-json\/wp\/v2\/posts"}],"about":[{"href":"https:\/\/mariaroja.com\/gl\/wp-json\/wp\/v2\/types\/post"}],"author":[{"embeddable":true,"href":"https:\/\/mariaroja.com\/gl\/wp-json\/wp\/v2\/users\/3"}],"replies":[{"embeddable":true,"href":"https:\/\/mariaroja.com\/gl\/wp-json\/wp\/v2\/comments?post=8775"}],"version-history":[{"count":0,"href":"https:\/\/mariaroja.com\/gl\/wp-json\/wp\/v2\/posts\/8775\/revisions"}],"wp:featuredmedia":[{"embeddable":true,"href":"https:\/\/mariaroja.com\/gl\/wp-json\/wp\/v2\/media\/5702"}],"wp:attachment":[{"href":"https:\/\/mariaroja.com\/gl\/wp-json\/wp\/v2\/media?parent=8775"}],"wp:term":[{"taxonomy":"category","embeddable":true,"href":"https:\/\/mariaroja.com\/gl\/wp-json\/wp\/v2\/categories?post=8775"},{"taxonomy":"post_tag","embeddable":true,"href":"https:\/\/mariaroja.com\/gl\/wp-json\/wp\/v2\/tags?post=8775"}],"curies":[{"name":"wp","href":"https:\/\/api.w.org\/{rel}","templated":true}]}}