{"id":8790,"date":"2017-02-17T11:41:05","date_gmt":"2017-02-17T10:41:05","guid":{"rendered":"https:\/\/mariaroja.com\/estrea-de-sol-negro\/"},"modified":"2017-02-17T11:41:05","modified_gmt":"2017-02-17T10:41:05","slug":"estrea-de-sol-negro","status":"publish","type":"post","link":"https:\/\/mariaroja.com\/gl\/estrea-de-sol-negro\/","title":{"rendered":"Estrea de &#8220;Sol Negro&#8221;"},"content":{"rendered":"<div  class='flex_column av-av_one_fifth-692a56cb27b4036f41891925b87c1c70 av_one_fifth  avia-builder-el-0  el_before_av_three_fifth  avia-builder-el-first  first flex_column_div  '     ><\/div>\n<div  class='flex_column av-av_three_fifth-7bd3f5cd863a6256abcb544d7c276d96 av_three_fifth  avia-builder-el-1  el_after_av_one_fifth  el_before_av_one_fifth  flex_column_div  '     ><section  class='av_textblock_section av-lnk4vzgx-47ad11de0a66d89d9e6e7ca982f029ce '   itemscope=\"itemscope\" itemtype=\"https:\/\/schema.org\/BlogPosting\" itemprop=\"blogPost\" ><div class='avia_textblock'  itemprop=\"text\" ><h3>Estrea de &#8220;Sol Negro&#8221;<\/h3>\n<p><strong>23 feb \/ Teatro Col\u00f3n (A Coru\u00f1a) \/ 21h<\/strong><\/p>\n<p>Ilustraci\u00f3n: Lidia Kalibatas<\/p>\n<p>Sol negro \u00e9 unha recreaci\u00f3n esc\u00e9nica do estado depresivo con textos baseados en obras de Samuel Becket e Julia Kristeva, dirixida por Evaristo Calvo. Na escena cobran vida dous personaxes que viven en lugares diferentes da s\u00faa existencia e da s\u00faa doenza. Nun caso \u00e9 Krapp, protagonista de &#8220;A \u00faltima cinta de Krapp\u201d de Samuel Becket, quen manifiesta s\u00edntomas e circunstancias dun ser ancorado no malestar dunha ausencia. Noutro artificio ser\u00e1n as argumentaci\u00f3ns po\u00e9ticas de Julia Kristeva dando voz \u00e1 enferma consciente da s\u00faa doenza, falando dela, tentando articular un discurso que a faga comunicable. D\u00faas ficci\u00f3ns contidas nun marco est\u00e9tico visual e musical. Un xerador de emoci\u00f3ns que remata o seu fluxo de enerx\u00eda na fin da racionalidade. A an\u00e1lise do prexu\u00edzo e das s\u00faas consecuencias, coma un primeiro paso para chegar, se non \u00e1 verdade, a refutar as bases da falsidade na que se apoia o prexu\u00edzo. Sobre o escenario estar\u00e1n presentes unha actriz f\u00edsica (Mar\u00eda Roja), un actor (Evaristo Calvo), un pianista (Pablo Seoane) e un doutor en psiquiatr\u00eda, acompa\u00f1adxs do labor audiovisual dunha artista pl\u00e1stica (Alba Blanco). Un elenco non moi habitual para unha forma esc\u00e9nica inusual.<\/p>\n<p>M\u00e1is informaci\u00f3n e venda de entradas:<br \/>\n<a href=\"http:\/\/www.teatrocolon.es\/es\/evento\/sol-negro\/\" target=\"_blank\" rel=\"noopener\">http:\/\/www.teatrocolon.es\/es\/evento\/sol-negro\/<\/a><\/p>\n<\/div><\/section><br \/>\n\n<style type=\"text\/css\" data-created_by=\"avia_inline_auto\" id=\"style-css-av-av_hr-65bd92347fddc685eba247be6d5a9a45\">\n#top .hr.hr-invisible.av-av_hr-65bd92347fddc685eba247be6d5a9a45{\nheight:40px;\n}\n<\/style>\n<div  class='hr av-av_hr-65bd92347fddc685eba247be6d5a9a45 hr-invisible  avia-builder-el-3  el_after_av_textblock  el_before_av_image '><span class='hr-inner '><span class=\"hr-inner-style\"><\/span><\/span><\/div><br \/>\n\n<style type=\"text\/css\" data-created_by=\"avia_inline_auto\" id=\"style-css-av-lnk4ytge-dbdabef18a4be686394e1025513fe825\">\n.avia-image-container.av-lnk4ytge-dbdabef18a4be686394e1025513fe825 img.avia_image{\nbox-shadow:none;\n}\n.avia-image-container.av-lnk4ytge-dbdabef18a4be686394e1025513fe825 .av-image-caption-overlay-center{\ncolor:#ffffff;\n}\n<\/style>\n<div  class='avia-image-container av-lnk4ytge-dbdabef18a4be686394e1025513fe825 av-styling- avia-align-center  avia-builder-el-4  el_after_av_hr  avia-builder-el-last '   itemprop=\"image\" itemscope=\"itemscope\" itemtype=\"https:\/\/schema.org\/ImageObject\" ><div class=\"avia-image-container-inner\"><div class=\"avia-image-overlay-wrap\"><img decoding=\"async\" fetchpriority=\"high\" class='wp-image-5563 avia-img-lazy-loading-not-5563 avia_image ' src=\"https:\/\/mariaroja.com\/wp-content\/uploads\/2023\/10\/estrea-sol-negro.jpg\" alt='' title='estrea-sol-negro'  height=\"691\" width=\"690\"  itemprop=\"thumbnailUrl\" srcset=\"https:\/\/mariaroja.com\/wp-content\/uploads\/2023\/10\/estrea-sol-negro.jpg 690w, https:\/\/mariaroja.com\/wp-content\/uploads\/2023\/10\/estrea-sol-negro-300x300.jpg 300w, https:\/\/mariaroja.com\/wp-content\/uploads\/2023\/10\/estrea-sol-negro-80x80.jpg 80w, https:\/\/mariaroja.com\/wp-content\/uploads\/2023\/10\/estrea-sol-negro-36x36.jpg 36w, https:\/\/mariaroja.com\/wp-content\/uploads\/2023\/10\/estrea-sol-negro-180x180.jpg 180w\" sizes=\"(max-width: 690px) 100vw, 690px\" \/><\/div><\/div><\/div><\/p><\/div><div  class='flex_column av-av_one_fifth-7bd3f5cd863a6256abcb544d7c276d96 av_one_fifth  avia-builder-el-5  el_after_av_three_fifth  avia-builder-el-last  flex_column_div  '     ><\/div><\/p>\n","protected":false},"excerpt":{"rendered":"","protected":false},"author":3,"featured_media":5563,"comment_status":"closed","ping_status":"closed","sticky":false,"template":"","format":"standard","meta":{"footnotes":""},"categories":[41],"tags":[],"class_list":["post-8790","post","type-post","status-publish","format-standard","has-post-thumbnail","hentry","category-novas-gl"],"_links":{"self":[{"href":"https:\/\/mariaroja.com\/gl\/wp-json\/wp\/v2\/posts\/8790","targetHints":{"allow":["GET"]}}],"collection":[{"href":"https:\/\/mariaroja.com\/gl\/wp-json\/wp\/v2\/posts"}],"about":[{"href":"https:\/\/mariaroja.com\/gl\/wp-json\/wp\/v2\/types\/post"}],"author":[{"embeddable":true,"href":"https:\/\/mariaroja.com\/gl\/wp-json\/wp\/v2\/users\/3"}],"replies":[{"embeddable":true,"href":"https:\/\/mariaroja.com\/gl\/wp-json\/wp\/v2\/comments?post=8790"}],"version-history":[{"count":0,"href":"https:\/\/mariaroja.com\/gl\/wp-json\/wp\/v2\/posts\/8790\/revisions"}],"wp:featuredmedia":[{"embeddable":true,"href":"https:\/\/mariaroja.com\/gl\/wp-json\/wp\/v2\/media\/5563"}],"wp:attachment":[{"href":"https:\/\/mariaroja.com\/gl\/wp-json\/wp\/v2\/media?parent=8790"}],"wp:term":[{"taxonomy":"category","embeddable":true,"href":"https:\/\/mariaroja.com\/gl\/wp-json\/wp\/v2\/categories?post=8790"},{"taxonomy":"post_tag","embeddable":true,"href":"https:\/\/mariaroja.com\/gl\/wp-json\/wp\/v2\/tags?post=8790"}],"curies":[{"name":"wp","href":"https:\/\/api.w.org\/{rel}","templated":true}]}}