{"id":8791,"date":"2017-02-08T11:37:12","date_gmt":"2017-02-08T10:37:12","guid":{"rendered":"https:\/\/mariaroja.com\/antes-de-la-metralla-no-festival-escenas-do-cambio\/"},"modified":"2017-02-08T11:37:12","modified_gmt":"2017-02-08T10:37:12","slug":"antes-de-la-metralla-no-festival-escenas-do-cambio","status":"publish","type":"post","link":"https:\/\/mariaroja.com\/gl\/antes-de-la-metralla-no-festival-escenas-do-cambio\/","title":{"rendered":"&#8220;Antes de la metralla&#8221; no Festival Escenas do cambio"},"content":{"rendered":"<div  class='flex_column av-av_one_fifth-692a56cb27b4036f41891925b87c1c70 av_one_fifth  avia-builder-el-0  el_before_av_three_fifth  avia-builder-el-first  first flex_column_div  '     ><\/div>\n<div  class='flex_column av-av_three_fifth-7bd3f5cd863a6256abcb544d7c276d96 av_three_fifth  avia-builder-el-1  el_after_av_one_fifth  el_before_av_one_fifth  flex_column_div  '     ><section  class='av_textblock_section av-lnk4qky2-1973bdbe7f2d62111f2b68d43e941992 '   itemscope=\"itemscope\" itemtype=\"https:\/\/schema.org\/BlogPosting\" itemprop=\"blogPost\" ><div class='avia_textblock'  itemprop=\"text\" ><h3>&#8220;Antes de la metralla&#8221; no Festival Escenas do cambio<\/h3>\n<p><strong>10 febreiro I 22:30h I Sala 2 do Museo Centro Gai\u00e1s<\/strong><\/p>\n<p>Antes de la metralla non pretende ser unha representaci\u00f3n. \u00c9 un encontro real entre persoas que por unha parte aportan o seu punto de vista e, por outra, est\u00e1n dispostas a amosarse m\u00e1is al\u00e1 do refuxio da palabra. O obxectivo \u00e9 expo\u00f1er algunhas orientaci\u00f3ns e interpretaci\u00f3ns da escena contempor\u00e1nea desde diferentes \u00e1ngulos, perspectivas ou implicaci\u00f3ns. Antes de la metralla id\u00e9ase como un traballo in situ, cuns d\u00edas previos de encontro e cunha posta en escena final, pero sen \u00e1nimo de que sexa un espect\u00e1culo pechado, sen\u00f3n m\u00e1is ben a mostra do resultado dese encontro: un acontecemento para un marco espec\u00edfico. \u00c9 un proxecto en desenvolvemento, carente de valor comercial. Xs participantes, na s\u00faa condici\u00f3n de c\u00f3mplices, testemu\u00f1as, acompa\u00f1antes e colaboradorxs, est\u00e1n directa ou indirectamente ligados coa escena. Todxs espectadorxs.<\/p>\n<p>+info:<br \/>\n<a href=\"http:\/\/www.escenasdocambio.org\/gl\/eventos\/gal-antes-de-la-metralla\/\" target=\"_blank\" rel=\"noopener\">http:\/\/www.escenasdocambio.org\/gl\/eventos\/gal-antes-de-la-metralla\/<\/a><\/p>\n<\/div><\/section><br \/>\n\n<style type=\"text\/css\" data-created_by=\"avia_inline_auto\" id=\"style-css-av-av_hr-65bd92347fddc685eba247be6d5a9a45\">\n#top .hr.hr-invisible.av-av_hr-65bd92347fddc685eba247be6d5a9a45{\nheight:40px;\n}\n<\/style>\n<div  class='hr av-av_hr-65bd92347fddc685eba247be6d5a9a45 hr-invisible  avia-builder-el-3  el_after_av_textblock  el_before_av_image '><span class='hr-inner '><span class=\"hr-inner-style\"><\/span><\/span><\/div><br \/>\n\n<style type=\"text\/css\" data-created_by=\"avia_inline_auto\" id=\"style-css-av-lnk4t5r9-cd0bf9ddae18fa8edf79ce3ddf64dc40\">\n.avia-image-container.av-lnk4t5r9-cd0bf9ddae18fa8edf79ce3ddf64dc40 img.avia_image{\nbox-shadow:none;\n}\n.avia-image-container.av-lnk4t5r9-cd0bf9ddae18fa8edf79ce3ddf64dc40 .av-image-caption-overlay-center{\ncolor:#ffffff;\n}\n<\/style>\n<div  class='avia-image-container av-lnk4t5r9-cd0bf9ddae18fa8edf79ce3ddf64dc40 av-styling- avia-align-center  avia-builder-el-4  el_after_av_hr  avia-builder-el-last '   itemprop=\"image\" itemscope=\"itemscope\" itemtype=\"https:\/\/schema.org\/ImageObject\" ><div class=\"avia-image-container-inner\"><div class=\"avia-image-overlay-wrap\"><img decoding=\"async\" fetchpriority=\"high\" class='wp-image-5552 avia-img-lazy-loading-not-5552 avia_image ' src=\"https:\/\/mariaroja.com\/wp-content\/uploads\/2023\/10\/antes-de-la-metralla.jpg\" alt='' title='antes-de-la-metralla'  height=\"272\" width=\"690\"  itemprop=\"thumbnailUrl\" srcset=\"https:\/\/mariaroja.com\/wp-content\/uploads\/2023\/10\/antes-de-la-metralla.jpg 690w, https:\/\/mariaroja.com\/wp-content\/uploads\/2023\/10\/antes-de-la-metralla-300x118.jpg 300w\" sizes=\"(max-width: 690px) 100vw, 690px\" \/><\/div><\/div><\/div><\/p><\/div><div  class='flex_column av-av_one_fifth-7bd3f5cd863a6256abcb544d7c276d96 av_one_fifth  avia-builder-el-5  el_after_av_three_fifth  avia-builder-el-last  flex_column_div  '     ><\/div><\/p>\n","protected":false},"excerpt":{"rendered":"","protected":false},"author":3,"featured_media":5552,"comment_status":"closed","ping_status":"closed","sticky":false,"template":"","format":"standard","meta":{"footnotes":""},"categories":[41],"tags":[],"class_list":["post-8791","post","type-post","status-publish","format-standard","has-post-thumbnail","hentry","category-novas-gl"],"_links":{"self":[{"href":"https:\/\/mariaroja.com\/gl\/wp-json\/wp\/v2\/posts\/8791","targetHints":{"allow":["GET"]}}],"collection":[{"href":"https:\/\/mariaroja.com\/gl\/wp-json\/wp\/v2\/posts"}],"about":[{"href":"https:\/\/mariaroja.com\/gl\/wp-json\/wp\/v2\/types\/post"}],"author":[{"embeddable":true,"href":"https:\/\/mariaroja.com\/gl\/wp-json\/wp\/v2\/users\/3"}],"replies":[{"embeddable":true,"href":"https:\/\/mariaroja.com\/gl\/wp-json\/wp\/v2\/comments?post=8791"}],"version-history":[{"count":0,"href":"https:\/\/mariaroja.com\/gl\/wp-json\/wp\/v2\/posts\/8791\/revisions"}],"wp:featuredmedia":[{"embeddable":true,"href":"https:\/\/mariaroja.com\/gl\/wp-json\/wp\/v2\/media\/5552"}],"wp:attachment":[{"href":"https:\/\/mariaroja.com\/gl\/wp-json\/wp\/v2\/media?parent=8791"}],"wp:term":[{"taxonomy":"category","embeddable":true,"href":"https:\/\/mariaroja.com\/gl\/wp-json\/wp\/v2\/categories?post=8791"},{"taxonomy":"post_tag","embeddable":true,"href":"https:\/\/mariaroja.com\/gl\/wp-json\/wp\/v2\/tags?post=8791"}],"curies":[{"name":"wp","href":"https:\/\/api.w.org\/{rel}","templated":true}]}}