{"id":8815,"date":"2016-11-21T12:45:03","date_gmt":"2016-11-21T11:45:03","guid":{"rendered":"https:\/\/mariaroja.com\/con-experimenta-101\/"},"modified":"2016-11-21T12:45:03","modified_gmt":"2016-11-21T11:45:03","slug":"con-experimenta-101","status":"publish","type":"post","link":"https:\/\/mariaroja.com\/gl\/con-experimenta-101\/","title":{"rendered":"Con Experimenta 10+1"},"content":{"rendered":"<div  class='flex_column av-av_one_fifth-692a56cb27b4036f41891925b87c1c70 av_one_fifth  avia-builder-el-0  el_before_av_three_fifth  avia-builder-el-first  first flex_column_div  '     ><\/div>\n<div  class='flex_column av-av_three_fifth-7bd3f5cd863a6256abcb544d7c276d96 av_three_fifth  avia-builder-el-1  el_after_av_one_fifth  el_before_av_one_fifth  flex_column_div  '     ><section  class='av_textblock_section av-lnk752vj-228579fcc57c38aebf7262ef11980ff2 '   itemscope=\"itemscope\" itemtype=\"https:\/\/schema.org\/BlogPosting\" itemprop=\"blogPost\" ><div class='avia_textblock'  itemprop=\"text\" ><h3>Con Experimenta 10+1<\/h3>\n<p><strong>Xabier Limia de Gard\u00f3n revisa a exposici\u00f3n para La Regi\u00f3n<\/strong><\/p>\n<p>Ten esta exposici\u00f3n pl\u00e1stica do primeiro andar do Centro Cultural da Deputaci\u00f3n que comisar\u00eda Paula Cabaleiro un \u00e1r de modernidade inusual. Os dez artistas penduran as s\u00faas obras nas paredes, ou incluso do teito, amosando unha ducia de propostas (que C\u00e1ccamo e Matesanz traen d\u00faas obras cadans\u00faa), en diversas linguaxes pl\u00e1sticas, e &#8230; \u00da-lo est\u00e1 o \u2018+1\u2019 que falta? Esta \u00e9 ou foi, por mellor dicir, \u2018Dasein\u2019, actuaci\u00f3n (performance) que fixeron Adriana Pazos Ott\u00f3n e Mar\u00eda Roja en directo no d\u00eda da inauguraci\u00f3n: \u00e1mbalas d\u00faas dende os seus corpos en danza, pux\u00e9ronse diante dun video que proxectaba imaxes de fachadas. Elas mov\u00e9ndose e pintando a cidade coas s\u00faas imaxes. Arte nunha acci\u00f3n no tempo o destas mulleres galegas artistas que fixeron arte expandido. Foi a s\u00faa unha creaci\u00f3n esc\u00e9nica que non pudemos ver aquel d\u00eda, mais si reproducida e visualizada a posteriori: eis a esencia do ef\u00edmero, posto en valor cos medios de reproducci\u00f3n asistida&#8230; E as\u00ed con elas, esta proposta expositiva concibida por Cabaleiro, pontevedresa de Cangas do Morrazo, na r\u00eda de Vigo, de Alonso e C\u00e1ccamo, Coleman e Matesanz, Trastoy e Vicente. E adem\u00e1is, Fandi\u00f1o, Fern\u00e1ndez Cast\u00f3n, quen trae unha obra para ser vista en d\u00faas fases s\u00f3lidas, Matamoro, con unha sotil aposta luminosa, e Franchesch: a deste con tubos-canles de cores enleados, pseudo dripping expresionista de Pollock que se fai escultura&#8230;<\/p>\n<p>As multiformas expresivas dominan no conxunto polimorfo, no que hai algunha pintura. As\u00ed Berta C\u00e1ccamo e Chelo Matesanz. A dela \u00e9 unha instalaci\u00f3n de 2001, feltro cosido sobre lona e debuxo sobre papel, \u2018Lo que Lee Krasner pod\u00eda haber hecho&#8230; pero no hizo\u2019, coa que opina o que ter\u00eda que ter feito a parella sentimental de Jackson Pollock cando il ferv\u00eda co \u2018action painting\u2019 e a pintura de goteo&#8230; E chega Suso Fandi\u00f1o para po\u00f1er o dedo no ollo con \u2018Calquera tonter\u00eda se converte nunha obra mestra se despregas un apabullante e caro r\u00f3tulo de ne\u00f3n\u2019, de 2013, sarcasmo ao cubo da\/coa obra de arte, unha reflexi\u00f3n arredor da expectaci\u00f3n que xeran as obras de hoxe nas que tan dif\u00edcil \u00e9 definir fronteiras. A s\u00faa achega \u00e9 un letreiro no que unha palabra ilum\u00ednase intermitentemente&#8230; A luz vai por tr\u00e1s nos \u2018Cadros en rect\u00e1ngulo\u2019 de M\u00f3nica Trastoy: m\u00f3dulos unidos por un vinilo que as conecta, debuxando cunha agulla, evanescencia que se manifesta coa a luz que retroalimenta a obra&#8230; A de Sara Coleman \u00e9 \u2018Corpo\u2019, de f\u00edo de rai\u00f3n tecido en m\u00e1quina tricotosa e tinguido artesanal, outra instalaci\u00f3n na que a luz cenital \u00e9 fundamental. A peza, que est\u00e1 pendurada e est\u00e9ndese nun volume, \u00e9 corpo e espazo, m\u00e1is que vestimenta, a\u00ednda que aquel poder\u00eda ser a lumieira cenital. Dende esta mestizaxe de t\u00e9cnicas e artistas con diversas experiencias e idades vitais, a idea de emocionar ao espectador semella arriscada. E que este forme parte delas tam\u00e9n&#8230; Experimenta quere ser unha forma de sentir a arte con estas \u2018ideas modernas\u2019 mais poder\u00eda terse dado un paso m\u00e1is facendo unha exposici\u00f3n interactiva, na que particip\u00e1semos coas obras para formar parte dela.<\/p>\n<p>+info:<br \/>\n<a href=\"http:\/\/www.laregion.es\/articulo\/ourense\/experimenta-101\/20161121084708665670.html\" target=\"_blank\" rel=\"noopener\">http:\/\/www.laregion.es\/articulo\/ourense\/experimenta-101\/20161121084708665670.html<\/a><\/p>\n<\/div><\/section><br \/>\n\n<style type=\"text\/css\" data-created_by=\"avia_inline_auto\" id=\"style-css-av-av_hr-65bd92347fddc685eba247be6d5a9a45\">\n#top .hr.hr-invisible.av-av_hr-65bd92347fddc685eba247be6d5a9a45{\nheight:40px;\n}\n<\/style>\n<div  class='hr av-av_hr-65bd92347fddc685eba247be6d5a9a45 hr-invisible  avia-builder-el-3  el_after_av_textblock  el_before_av_image '><span class='hr-inner '><span class=\"hr-inner-style\"><\/span><\/span><\/div><br \/>\n\n<style type=\"text\/css\" data-created_by=\"avia_inline_auto\" id=\"style-css-av-lnk76e9k-3ac9aa5d5c9c6efcdccf831ee51845ed\">\n.avia-image-container.av-lnk76e9k-3ac9aa5d5c9c6efcdccf831ee51845ed img.avia_image{\nbox-shadow:none;\n}\n.avia-image-container.av-lnk76e9k-3ac9aa5d5c9c6efcdccf831ee51845ed .av-image-caption-overlay-center{\ncolor:#ffffff;\n}\n<\/style>\n<div  class='avia-image-container av-lnk76e9k-3ac9aa5d5c9c6efcdccf831ee51845ed av-styling- avia-align-center  avia-builder-el-4  el_after_av_hr  avia-builder-el-last '   itemprop=\"image\" itemscope=\"itemscope\" itemtype=\"https:\/\/schema.org\/ImageObject\" ><div class=\"avia-image-container-inner\"><div class=\"avia-image-overlay-wrap\"><img decoding=\"async\" fetchpriority=\"high\" class='wp-image-5673 avia-img-lazy-loading-not-5673 avia_image ' src=\"https:\/\/mariaroja.com\/wp-content\/uploads\/2023\/10\/con-experimenta.jpg\" alt='' title='con-experimenta'  height=\"378\" width=\"650\"  itemprop=\"thumbnailUrl\" srcset=\"https:\/\/mariaroja.com\/wp-content\/uploads\/2023\/10\/con-experimenta.jpg 650w, https:\/\/mariaroja.com\/wp-content\/uploads\/2023\/10\/con-experimenta-300x174.jpg 300w\" sizes=\"(max-width: 650px) 100vw, 650px\" \/><\/div><\/div><\/div><\/p><\/div><div  class='flex_column av-av_one_fifth-7bd3f5cd863a6256abcb544d7c276d96 av_one_fifth  avia-builder-el-5  el_after_av_three_fifth  avia-builder-el-last  flex_column_div  '     ><\/div><\/p>\n","protected":false},"excerpt":{"rendered":"","protected":false},"author":3,"featured_media":5673,"comment_status":"closed","ping_status":"closed","sticky":false,"template":"","format":"standard","meta":{"footnotes":""},"categories":[42],"tags":[],"class_list":["post-8815","post","type-post","status-publish","format-standard","has-post-thumbnail","hentry","category-prensa-gl"],"_links":{"self":[{"href":"https:\/\/mariaroja.com\/gl\/wp-json\/wp\/v2\/posts\/8815","targetHints":{"allow":["GET"]}}],"collection":[{"href":"https:\/\/mariaroja.com\/gl\/wp-json\/wp\/v2\/posts"}],"about":[{"href":"https:\/\/mariaroja.com\/gl\/wp-json\/wp\/v2\/types\/post"}],"author":[{"embeddable":true,"href":"https:\/\/mariaroja.com\/gl\/wp-json\/wp\/v2\/users\/3"}],"replies":[{"embeddable":true,"href":"https:\/\/mariaroja.com\/gl\/wp-json\/wp\/v2\/comments?post=8815"}],"version-history":[{"count":0,"href":"https:\/\/mariaroja.com\/gl\/wp-json\/wp\/v2\/posts\/8815\/revisions"}],"wp:featuredmedia":[{"embeddable":true,"href":"https:\/\/mariaroja.com\/gl\/wp-json\/wp\/v2\/media\/5673"}],"wp:attachment":[{"href":"https:\/\/mariaroja.com\/gl\/wp-json\/wp\/v2\/media?parent=8815"}],"wp:term":[{"taxonomy":"category","embeddable":true,"href":"https:\/\/mariaroja.com\/gl\/wp-json\/wp\/v2\/categories?post=8815"},{"taxonomy":"post_tag","embeddable":true,"href":"https:\/\/mariaroja.com\/gl\/wp-json\/wp\/v2\/tags?post=8815"}],"curies":[{"name":"wp","href":"https:\/\/api.w.org\/{rel}","templated":true}]}}