{"id":8824,"date":"2016-10-08T11:10:18","date_gmt":"2016-10-08T09:10:18","guid":{"rendered":"https:\/\/mariaroja.com\/estrea-de-o-tolleito-de-inishmaan\/"},"modified":"2016-10-08T11:10:18","modified_gmt":"2016-10-08T09:10:18","slug":"estrea-de-o-tolleito-de-inishmaan","status":"publish","type":"post","link":"https:\/\/mariaroja.com\/gl\/estrea-de-o-tolleito-de-inishmaan\/","title":{"rendered":"Estrea de &#8220;O Tolleito de Inishmaan&#8221;"},"content":{"rendered":"<div  class='flex_column av-85dvzo-b9843a72c1e80bb9d0d694a45eb8aa88 av_one_fifth  avia-builder-el-0  el_before_av_three_fifth  avia-builder-el-first  first flex_column_div  '     ><\/div>\n<div  class='flex_column av-5fjxv8-9b478eb0d7e976e7179a6346a541d06d av_three_fifth  avia-builder-el-1  el_after_av_one_fifth  el_before_av_one_fifth  flex_column_div  '     ><section  class='av_textblock_section av-lnk3s924-2c744deb80c1f882c5b2865f1ef4c3a5 '   itemscope=\"itemscope\" itemtype=\"https:\/\/schema.org\/BlogPosting\" itemprop=\"blogPost\" ><div class='avia_textblock'  itemprop=\"text\" ><h3>Estrea de &#8220;O Tolleito de Inishmaan&#8221;<\/h3>\n<p><strong>Contraproduci\u00f3ns presenta a s\u00faa nova montaxe, coproduci\u00f3n do FIOT<\/strong><\/p>\n<p>Poder\u00eda ser unha aldea galega pero \u00e9 unha pequena illa irlandesa. Anos 30. Personaxes curiosas, pintorescas, caracter\u00edsticas&#8230; seres m\u00e1is ou menos adorables, m\u00e1is ou menos odiosos que, nun mundo f\u00edsica e humanamente isolado, viven as s\u00faas vidas cativas como poden e como saben. Entre eles un tolleito, un ser deforme, desfavorecido, que ten unha arela que para el semella extremadamente dif\u00edcil: transcender ese \u00e1mbito cerrado que est\u00e1 obrigado a habitar; un eivado que persegue un so\u00f1o que nel parece empresa imposible: ser amado e valorado como calquera outro.<br \/>\nO tolleito de Inishmaan \u00e9 o novo espect\u00e1culo de Contraproduci\u00f3ns, adaptado e dirixido por C\u00e1ndido Paz\u00f3, a partir do texto de Martin Mc Donagh, The Cripple of Inishmaan. Conta no reparto con Santi Romay, Ana Santos, Evaristo Calvo, Susana Dans, Marcos Pereiro, Mar\u00eda Roja, Ricardo de Barreiro e Luis Iglesia. A escenograf\u00eda e o vestiario corren a cargo de Carlos Alonso, a iluminaci\u00f3n \u00e9 de Afonso Castro e a m\u00fasica as\u00ednaa Guillerme Fern\u00e1ndez.<\/p>\n<p>ESTREA:<br \/>\n14 de outubro (s\u00f3 para abonadxs) \/ 21 h \/ Auditorio do Pazo da Cultura de Carballo<br \/>\n15 de outubro \/ 21h \/ Auditorio do Pazo da Cultura de Carballo<\/p>\n<p>+info:<br \/>\n<a href=\"http:\/\/fiot.gal\/event\/tolleito-de-inishmaan\/\" target=\"_blank\" rel=\"noopener\">http:\/\/fiot.gal\/event\/tolleito-de-inishmaan\/<\/a><\/p>\n<p><a href=\"http:\/\/www.contraproducions.com\" target=\"_blank\" rel=\"noopener\">www.contraproducions.com<\/a><\/p>\n<\/div><\/section><br \/>\n\n<style type=\"text\/css\" data-created_by=\"avia_inline_auto\" id=\"style-css-av-3o34s4-ced5a9b9155d2c3c732877f227467123\">\n#top .hr.hr-invisible.av-3o34s4-ced5a9b9155d2c3c732877f227467123{\nheight:40px;\n}\n<\/style>\n<div  class='hr av-3o34s4-ced5a9b9155d2c3c732877f227467123 hr-invisible  avia-builder-el-3  el_after_av_textblock  el_before_av_image '><span class='hr-inner '><span class=\"hr-inner-style\"><\/span><\/span><\/div><br \/>\n\n<style type=\"text\/css\" data-created_by=\"avia_inline_auto\" id=\"style-css-av-lnk3x17b-6810b648335f3583174daf0e31ee2281\">\n.avia-image-container.av-lnk3x17b-6810b648335f3583174daf0e31ee2281 img.avia_image{\nbox-shadow:none;\n}\n.avia-image-container.av-lnk3x17b-6810b648335f3583174daf0e31ee2281 .av-image-caption-overlay-center{\ncolor:#ffffff;\n}\n<\/style>\n<div  class='avia-image-container av-lnk3x17b-6810b648335f3583174daf0e31ee2281 av-styling- avia-align-center  avia-builder-el-4  el_after_av_hr  avia-builder-el-last '   itemprop=\"image\" itemscope=\"itemscope\" itemtype=\"https:\/\/schema.org\/ImageObject\" ><div class=\"avia-image-container-inner\"><div class=\"avia-image-overlay-wrap\"><img decoding=\"async\" fetchpriority=\"high\" class='wp-image-5491 avia-img-lazy-loading-not-5491 avia_image ' src=\"https:\/\/mariaroja.com\/wp-content\/uploads\/2023\/10\/o-tolleito-de-inishmaan.jpg\" alt='' title='o-tolleito-de-inishmaan'  height=\"800\" width=\"566\"  itemprop=\"thumbnailUrl\" srcset=\"https:\/\/mariaroja.com\/wp-content\/uploads\/2023\/10\/o-tolleito-de-inishmaan.jpg 566w, https:\/\/mariaroja.com\/wp-content\/uploads\/2023\/10\/o-tolleito-de-inishmaan-212x300.jpg 212w, https:\/\/mariaroja.com\/wp-content\/uploads\/2023\/10\/o-tolleito-de-inishmaan-499x705.jpg 499w\" sizes=\"(max-width: 566px) 100vw, 566px\" \/><\/div><\/div><\/div><\/p><\/div><div  class='flex_column av-af7b8-a5268d027dc5928a02e2b351a20b8e88 av_one_fifth  avia-builder-el-5  el_after_av_three_fifth  avia-builder-el-last  flex_column_div  '     ><\/div><\/p>\n","protected":false},"excerpt":{"rendered":"","protected":false},"author":3,"featured_media":5491,"comment_status":"closed","ping_status":"closed","sticky":false,"template":"","format":"standard","meta":{"footnotes":""},"categories":[41],"tags":[],"class_list":["post-8824","post","type-post","status-publish","format-standard","has-post-thumbnail","hentry","category-novas-gl"],"_links":{"self":[{"href":"https:\/\/mariaroja.com\/gl\/wp-json\/wp\/v2\/posts\/8824","targetHints":{"allow":["GET"]}}],"collection":[{"href":"https:\/\/mariaroja.com\/gl\/wp-json\/wp\/v2\/posts"}],"about":[{"href":"https:\/\/mariaroja.com\/gl\/wp-json\/wp\/v2\/types\/post"}],"author":[{"embeddable":true,"href":"https:\/\/mariaroja.com\/gl\/wp-json\/wp\/v2\/users\/3"}],"replies":[{"embeddable":true,"href":"https:\/\/mariaroja.com\/gl\/wp-json\/wp\/v2\/comments?post=8824"}],"version-history":[{"count":0,"href":"https:\/\/mariaroja.com\/gl\/wp-json\/wp\/v2\/posts\/8824\/revisions"}],"wp:featuredmedia":[{"embeddable":true,"href":"https:\/\/mariaroja.com\/gl\/wp-json\/wp\/v2\/media\/5491"}],"wp:attachment":[{"href":"https:\/\/mariaroja.com\/gl\/wp-json\/wp\/v2\/media?parent=8824"}],"wp:term":[{"taxonomy":"category","embeddable":true,"href":"https:\/\/mariaroja.com\/gl\/wp-json\/wp\/v2\/categories?post=8824"},{"taxonomy":"post_tag","embeddable":true,"href":"https:\/\/mariaroja.com\/gl\/wp-json\/wp\/v2\/tags?post=8824"}],"curies":[{"name":"wp","href":"https:\/\/api.w.org\/{rel}","templated":true}]}}