{"id":9058,"date":"2015-10-26T11:12:58","date_gmt":"2015-10-26T10:12:58","guid":{"rendered":"https:\/\/mariaroja.com\/sen-medo-e-sen-esperanza\/"},"modified":"2015-10-26T11:12:58","modified_gmt":"2015-10-26T10:12:58","slug":"sen-medo-e-sen-esperanza","status":"publish","type":"post","link":"https:\/\/mariaroja.com\/gl\/sen-medo-e-sen-esperanza\/","title":{"rendered":"SEN MEDO E SEN ESPERANZA"},"content":{"rendered":"<div  class='flex_column av-av_one_fifth-692a56cb27b4036f41891925b87c1c70 av_one_fifth  avia-builder-el-0  el_before_av_three_fifth  avia-builder-el-first  first flex_column_div  '     ><\/div>\n<div  class='flex_column av-av_three_fifth-7bd3f5cd863a6256abcb544d7c276d96 av_three_fifth  avia-builder-el-1  el_after_av_one_fifth  el_before_av_one_fifth  flex_column_div  '     ><section  class='av_textblock_section av-lnk3usyt-10d3425ab9b390aea66df81ed530e9c4 '   itemscope=\"itemscope\" itemtype=\"https:\/\/schema.org\/BlogPosting\" itemprop=\"blogPost\" ><div class='avia_textblock'  itemprop=\"text\" ><h3>SEN MEDO E SEN ESPERANZA<\/h3>\n<p><strong>&#8220;O colo da xirafa&#8221; no Gali\u00f1eiro de Praza P\u00fablica<\/strong><\/p>\n<p>LAURA PORTO<\/p>\n<p>O teatro comeza f\u00f3ra do teatro, comeza mirando \u00f3 ceo e, quizais, inventando nomes para as estrelas. As\u00ed comeza O colo da Xirafa de Matarile, amos\u00e1ndonos a constelaci\u00f3n da xirafa, practicamente invisible nos ceos despexados, pero descrita e nomeada por algu\u00e9n.<br \/>\nEste feito \u00e9 toda unha declaraci\u00f3n de intenci\u00f3ns, unha apelaci\u00f3n a n\u00f3s para que esteamos dispostas a ver o que non se pode ver. Para que po\u00f1amos a nosa parte, sobretodo iso, que participemos activamente na representaci\u00f3n do que non se pode ver.<br \/>\nEsta proposta ratif\u00edcase na sala \u00e1 que accedemos guiadas pola mesm\u00edsima carrapuchi\u00f1a vermella, que semella ter coincidido connosco este ser\u00e1n durante a s\u00faa busca dun lobo.<br \/>\nO espazo ao que accedemos, unha antiga capela reformada, ag\u00e1rdannos os focos e unha longa mesa corrida que rodea o centro como \u00fanicos elementos escenogr\u00e1ficos. Sentamos \u00e1 mesa deste espazo a catro bandas, con esa facultade tan po\u00e9tica de nos expor como p\u00fablico, de nos facer part\u00edcipes da paisaxe, e fac\u00e9molo non para que o espect\u00e1culo comece, sen\u00f3n para que contin\u00fae. A compa\u00f1\u00eda Matarile ten, na nosa opini\u00f3n, esa facultade estra\u00f1a de facer as pezas comezar pouco a pouco, transitando do coti\u00e1 ao extracoti\u00e1 dun xeito tan flu\u00eddo que \u00e1s veces resulta complicado establecer os puntos de cambio.<br \/>\nEsta facultade faise patente tam\u00e9n no devir entre o pl\u00e1stico e o discursivo, que se complementan xeralmente de xeito alusivo. Como mestres cocteleiros, mesturan e axitan o discurso filos\u00f3fico e teatrol\u00f3xico con imaxes de grande beleza e potencia sensitiva, e o resultado \u00e9 un beberaxe de efecto estimulante, aderezado co olor a menta que nos chega nalgunha secuencia.<br \/>\nTam\u00e9n nos atopamos, poderiamos dicir, ante un teatro da proximidade, do primeiro plano. Buscase unha proximidade tal entre o p\u00fablico e as actuantes que estas traballan sobre as mesas ante as que estamos sentadas, a cent\u00edmetros dos nosos ollos, tan cerca que poder\u00edamos tocalas sen estender de todo o brazo.<br \/>\nA medida que aumenta a profundidade do espect\u00e1culo, que aumenta a s\u00faa extracotianidade at\u00e9 o seu maior nivel, a peza v\u00f3lvese tam\u00e9n m\u00e1is fragmentada e persoal. Todos os actuantes est\u00e1n en escena, cada un cun pequeno grupo de xente, cada un traballando sobre un pequeno obxecto, un microcosmos enteiro de papel e luz que se mostra ante n\u00f3s case en privado.<br \/>\nPor \u00faltimo, carrapuchi\u00f1a marcha. Tal vez deberamos seguila e buscar o noso propio lobo. Quizais.<\/p>\n<p>+info:<br \/>\n<a href=\"http:\/\/teatro.prazapublica.com\/post\/131947955871\/sen-medo-e-sen-esperanza-o-colo-da-xirafa-de\" target=\"_blank\" rel=\"noopener\">http:\/\/teatro.prazapublica.com\/post\/131947955871\/sen-medo-e-sen-esperanza-o-colo-da-xirafa-de<\/a><\/p>\n<\/div><\/section><br \/>\n\n<style type=\"text\/css\" data-created_by=\"avia_inline_auto\" id=\"style-css-av-av_hr-65bd92347fddc685eba247be6d5a9a45\">\n#top .hr.hr-invisible.av-av_hr-65bd92347fddc685eba247be6d5a9a45{\nheight:40px;\n}\n<\/style>\n<div  class='hr av-av_hr-65bd92347fddc685eba247be6d5a9a45 hr-invisible  avia-builder-el-3  el_after_av_textblock  el_before_av_image '><span class='hr-inner '><span class=\"hr-inner-style\"><\/span><\/span><\/div><br \/>\n\n<style type=\"text\/css\" data-created_by=\"avia_inline_auto\" id=\"style-css-av-lnk3w4vd-c1ac9faed581c49636eca6bb34ceb539\">\n.avia-image-container.av-lnk3w4vd-c1ac9faed581c49636eca6bb34ceb539 img.avia_image{\nbox-shadow:none;\n}\n.avia-image-container.av-lnk3w4vd-c1ac9faed581c49636eca6bb34ceb539 .av-image-caption-overlay-center{\ncolor:#ffffff;\n}\n<\/style>\n<div  class='avia-image-container av-lnk3w4vd-c1ac9faed581c49636eca6bb34ceb539 av-styling- avia-align-center  avia-builder-el-4  el_after_av_hr  avia-builder-el-last '   itemprop=\"image\" itemscope=\"itemscope\" itemtype=\"https:\/\/schema.org\/ImageObject\" ><div class=\"avia-image-container-inner\"><div class=\"avia-image-overlay-wrap\"><img decoding=\"async\" fetchpriority=\"high\" class='wp-image-5485 avia-img-lazy-loading-not-5485 avia_image ' src=\"https:\/\/mariaroja.com\/wp-content\/uploads\/2023\/10\/sen-medo-e-sen-esperanza.jpg\" alt='' title='sen-medo-e-sen-esperanza'  height=\"375\" width=\"690\"  itemprop=\"thumbnailUrl\" srcset=\"https:\/\/mariaroja.com\/wp-content\/uploads\/2023\/10\/sen-medo-e-sen-esperanza.jpg 690w, https:\/\/mariaroja.com\/wp-content\/uploads\/2023\/10\/sen-medo-e-sen-esperanza-300x163.jpg 300w\" sizes=\"(max-width: 690px) 100vw, 690px\" \/><\/div><\/div><\/div><\/p><\/div><div  class='flex_column av-av_one_fifth-7bd3f5cd863a6256abcb544d7c276d96 av_one_fifth  avia-builder-el-5  el_after_av_three_fifth  avia-builder-el-last  flex_column_div  '     ><\/div><\/p>\n","protected":false},"excerpt":{"rendered":"","protected":false},"author":3,"featured_media":5485,"comment_status":"closed","ping_status":"closed","sticky":false,"template":"","format":"standard","meta":{"footnotes":""},"categories":[42],"tags":[],"class_list":["post-9058","post","type-post","status-publish","format-standard","has-post-thumbnail","hentry","category-prensa-gl"],"_links":{"self":[{"href":"https:\/\/mariaroja.com\/gl\/wp-json\/wp\/v2\/posts\/9058","targetHints":{"allow":["GET"]}}],"collection":[{"href":"https:\/\/mariaroja.com\/gl\/wp-json\/wp\/v2\/posts"}],"about":[{"href":"https:\/\/mariaroja.com\/gl\/wp-json\/wp\/v2\/types\/post"}],"author":[{"embeddable":true,"href":"https:\/\/mariaroja.com\/gl\/wp-json\/wp\/v2\/users\/3"}],"replies":[{"embeddable":true,"href":"https:\/\/mariaroja.com\/gl\/wp-json\/wp\/v2\/comments?post=9058"}],"version-history":[{"count":0,"href":"https:\/\/mariaroja.com\/gl\/wp-json\/wp\/v2\/posts\/9058\/revisions"}],"wp:featuredmedia":[{"embeddable":true,"href":"https:\/\/mariaroja.com\/gl\/wp-json\/wp\/v2\/media\/5485"}],"wp:attachment":[{"href":"https:\/\/mariaroja.com\/gl\/wp-json\/wp\/v2\/media?parent=9058"}],"wp:term":[{"taxonomy":"category","embeddable":true,"href":"https:\/\/mariaroja.com\/gl\/wp-json\/wp\/v2\/categories?post=9058"},{"taxonomy":"post_tag","embeddable":true,"href":"https:\/\/mariaroja.com\/gl\/wp-json\/wp\/v2\/tags?post=9058"}],"curies":[{"name":"wp","href":"https:\/\/api.w.org\/{rel}","templated":true}]}}